{"id":1450,"date":"2013-03-19T22:09:03","date_gmt":"2013-03-19T21:09:03","guid":{"rendered":"https:\/\/www.freydis.de\/wordpress\/?p=1450"},"modified":"2017-12-07T17:08:51","modified_gmt":"2017-12-07T16:08:51","slug":"panama-galapagos-2-heiss-brennt-die-aquatorsonne","status":"publish","type":"post","link":"https:\/\/www.freydis.de\/wordpress\/panama-galapagos-2-heiss-brennt-die-aquatorsonne\/","title":{"rendered":"Panama \u2013 Galapagos (2): Heiss brennt die \u00c4quatorsonne"},"content":{"rendered":"<p><i>Montag, 18.03.2013, 23:23:55 (GMT+0)<\/i><\/p>\n<p><a href=\"https:\/\/www.freydis.de\/bilder\/2013\/03\/IMG_4226.jpg\" rel=\"lightbox\"><img decoding=\"async\" src=\"https:\/\/www.freydis.de\/bilder\/2013\/03\/IMG_4226.jpg\" alt=\"\" width=\"640\" border=\"0\" \/><\/a><\/p>\n<p><big>A<\/big>m 10. Tag seit Panama kommt der \u00c4quator in Sicht. Von Deck aus ist er nicht zu erkennen, aber daf\u00fcr umso besser auf dem Bildschirm mit der eingespielten Seekarte und dem GPS.<\/p>\n<p><a href=\"https:\/\/www.freydis.de\/bilder\/2013\/03\/IMG_4279_s.jpg\" rel=\"lightbox\"><img decoding=\"async\" src=\"https:\/\/www.freydis.de\/bilder\/2013\/03\/IMG_4279_s.jpg\" alt=\"\" width=\"640\" border=\"0\" \/><\/a><\/p>\n<p>Wir sind im Kalmeng\u00fcrtel, wenig Wind. Mit Gro\u00df und Genua und Maschinenunterst\u00fctzung streben wir zu unserem Ziel, der Insel Isabella.<\/p>\n<p>&nbsp;<\/p>\n<p><a href=\"https:\/\/www.freydis.de\/bilder\/2013\/03\/IMG_4247_s.jpg\" rel=\"lightbox\"><img decoding=\"async\" src=\"https:\/\/www.freydis.de\/bilder\/2013\/03\/IMG_4247_s.jpg\" alt=\"\" width=\"640\" border=\"0\" \/><\/a><\/p>\n<p>Heiss brennt die \u00c4quatorsonne, die hier in diesem Monat mittags im Zenit steht. Die Crew d\u00f6st im Schatten, liest oder will Bier trinken.<\/p>\n<p><a href=\"https:\/\/www.freydis.de\/bilder\/2013\/03\/IMG_4238_s.jpg\" rel=\"lightbox\"><img decoding=\"async\" src=\"https:\/\/www.freydis.de\/bilder\/2013\/03\/IMG_4238_s.jpg\" alt=\"\" width=\"640\" border=\"0\" \/><\/a><\/p>\n<p><a href=\"https:\/\/www.freydis.de\/bilder\/2013\/03\/IMG_4231.jpg\" rel=\"lightbox\"><img decoding=\"async\" src=\"https:\/\/www.freydis.de\/bilder\/2013\/03\/IMG_4231.jpg\" alt=\"\" width=\"640\" border=\"0\" \/><\/a><\/p>\n<h2>\u00c4quatortaufe?<\/h2>\n<p><a href=\"https:\/\/www.freydis.de\/bilder\/2013\/03\/Atlantik 2002-07.jpg\" rel=\"lightbox\"><img decoding=\"async\" src=\"https:\/\/www.freydis.de\/bilder\/2013\/03\/Atlantik 2002-07.jpg\" alt=\"\" width=\"640\" border=\"0\" \/><\/a><\/p>\n<p><center><i><span style=\"color: #606060;\">\u00c4quatortaufe 2002<\/span><\/i><\/center><big>E<\/big>igentlich steht beim \u00dcberschreiten des \u00c4quators eine arbeitsintensive und manchmal auch schmerzhafte Reinigungsprozedur an f\u00fcr diejenigen, die noch nie den \u00c4quator mit einem Schiff \u00fcberschritten haben.<\/p>\n<p><a href=\"https:\/\/www.freydis.de\/bilder\/2013\/03\/Atlantik 2002-13.jpg\" rel=\"lightbox\"><img decoding=\"async\" src=\"https:\/\/www.freydis.de\/bilder\/2013\/03\/Atlantik 2002-13.jpg\" alt=\"\" width=\"640\" border=\"0\" \/><\/a><\/p>\n<p><center><i><span style=\"color: #606060;\">\u00c4quatortaufe 2002<\/span><\/i><\/center><a href=\"https:\/\/www.freydis.de\/bilder\/2013\/03\/Atlantik 2002-11.jpg\" rel=\"lightbox\"><img decoding=\"async\" src=\"https:\/\/www.freydis.de\/bilder\/2013\/03\/Atlantik 2002-11.jpg\" alt=\"\" width=\"640\" border=\"0\" \/><\/a><\/p>\n<p><center><i><span style=\"color: #606060;\">\u00c4quatortaufe 2002<\/span><\/i><\/center>Nachdem aber bei der letzten \u00c4quatortaufe vor 10 Jahren unser damaliger Zeremonienmeister Hans von einer Mitseglerin kr\u00e4ftig gebissen und zerkratzt wurde, stimmen alle der Auffassung des Skippers zu, dass die Crew bereits gel\u00e4utert ist und man allenfalls mit Sekt etwas nachsp\u00fclen solle.<\/p>\n<p><a href=\"https:\/\/www.freydis.de\/bilder\/2013\/03\/IMG_4267a.jpg\" rel=\"lightbox\"><img decoding=\"async\" src=\"https:\/\/www.freydis.de\/bilder\/2013\/03\/IMG_4268a.jpg\" alt=\"\" width=\"640\" border=\"0\" \/><\/a><\/p>\n<p><a href=\"https:\/\/www.freydis.de\/bilder\/2013\/03\/IMG_4287_s.jpg\" rel=\"lightbox\"><img decoding=\"async\" src=\"https:\/\/www.freydis.de\/bilder\/2013\/03\/IMG_4287_s.jpg\" alt=\"\" width=\"640\" border=\"0\" \/><\/a><\/p>\n<p>&nbsp;<\/p>\n","protected":false},"excerpt":{"rendered":"<p>Montag, 18.03.2013, 23:23:55 (GMT+0) Am 10. Tag seit Panama kommt der \u00c4quator in Sicht. Von Deck aus ist er nicht zu erkennen, aber daf\u00fcr umso besser auf dem Bildschirm mit der eingespielten Seekarte und dem GPS. Wir sind im Kalmeng\u00fcrtel, &hellip; <a href=\"https:\/\/www.freydis.de\/wordpress\/panama-galapagos-2-heiss-brennt-die-aquatorsonne\/\">Weiterlesen <span class=\"meta-nav\">&rarr;<\/span><\/a><\/p>\n","protected":false},"author":2,"featured_media":0,"comment_status":"open","ping_status":"open","sticky":false,"template":"","format":"standard","meta":{"_jetpack_memberships_contains_paid_content":false,"footnotes":""},"categories":[1,24,41],"tags":[],"class_list":["post-1450","post","type-post","status-publish","format-standard","hentry","category-allgemein","category-reisebericht","category-torns"],"jetpack_featured_media_url":"","jetpack_sharing_enabled":true,"_links":{"self":[{"href":"https:\/\/www.freydis.de\/wordpress\/wp-json\/wp\/v2\/posts\/1450","targetHints":{"allow":["GET"]}}],"collection":[{"href":"https:\/\/www.freydis.de\/wordpress\/wp-json\/wp\/v2\/posts"}],"about":[{"href":"https:\/\/www.freydis.de\/wordpress\/wp-json\/wp\/v2\/types\/post"}],"author":[{"embeddable":true,"href":"https:\/\/www.freydis.de\/wordpress\/wp-json\/wp\/v2\/users\/2"}],"replies":[{"embeddable":true,"href":"https:\/\/www.freydis.de\/wordpress\/wp-json\/wp\/v2\/comments?post=1450"}],"version-history":[{"count":3,"href":"https:\/\/www.freydis.de\/wordpress\/wp-json\/wp\/v2\/posts\/1450\/revisions"}],"predecessor-version":[{"id":4827,"href":"https:\/\/www.freydis.de\/wordpress\/wp-json\/wp\/v2\/posts\/1450\/revisions\/4827"}],"wp:attachment":[{"href":"https:\/\/www.freydis.de\/wordpress\/wp-json\/wp\/v2\/media?parent=1450"}],"wp:term":[{"taxonomy":"category","embeddable":true,"href":"https:\/\/www.freydis.de\/wordpress\/wp-json\/wp\/v2\/categories?post=1450"},{"taxonomy":"post_tag","embeddable":true,"href":"https:\/\/www.freydis.de\/wordpress\/wp-json\/wp\/v2\/tags?post=1450"}],"curies":[{"name":"wp","href":"https:\/\/api.w.org\/{rel}","templated":true}]}}