{"id":1470,"date":"2013-05-08T16:44:37","date_gmt":"2013-05-08T15:44:37","guid":{"rendered":"https:\/\/www.freydis.de\/wordpress\/?p=1470"},"modified":"2013-05-09T08:15:45","modified_gmt":"2013-05-09T07:15:45","slug":"trn-iii2013-marquesas-tuamotus","status":"publish","type":"post","link":"https:\/\/www.freydis.de\/wordpress\/trn-iii2013-marquesas-tuamotus\/","title":{"rendered":"T\u00f6rn III\/2013: Von den Marquesas zu den Tuamotus"},"content":{"rendered":"<p><em>Makemo\/Tuamotus, den 8. Mai 2013<\/em><\/p>\n<h3>Hallo Freunde,<\/h3>\n<p>wir liegen f\u00fcr ein paar Tage in einer blauen Lagune des Makemo Atolls vor Anker, lassen die Seele baumeln und bereiten den n\u00e4chsten T\u00f6rn vor. Er wird uns noch \u00fcber weitere Tuamotu-Inseln zu den obligaten S\u00fcdseeparadiesen Moorea, Bora Bora und Tahiti f\u00fchren.<\/p>\n<p><big>H<\/big>inter uns liegt ein abwechslungsreicher T\u00f6rn, der auf Nuku Hiva (Marquesas) begann, uns \u00fcber Hiva Oa und Fatu Hiva zu Tuamotu-Atollen wie Raroia und Makemo f\u00fchrte. Diese Strecke sind wir 1999 schon einmal mit der Freydis II gesegelt, damals auf dem Wege nach Noumea\/Neukaledonien zum Einsatzort unseres Abenteuers mit den GEO-Teams durch Melanesien.<\/p>\n<p><big>D<\/big>ie Inseln und Ihre Bewohner haben uns auch diesmal bezaubert. Zumindest \u00e4u\u00dferlich hat sich nicht viel ge\u00e4ndert, nat\u00fcrlich haben technischer Fortschritt und Globalisierung auch diese Eilande nicht ausgespart. In Nuku Hiva und Hiva Oa gab es zum Beispiel vor 14 Jahren kaum Autos. Jetzt f\u00e4hrt fast jeder Insulaner einen gro\u00dfen japanischen Gel\u00e4ndewagen. Als wir das Atoll Raroia das erste Mal besuchten, war es noch ein vertr\u00e4umtes Fleckchen am Ende der Welt. Seither hat sich die Einwohnerzahl mehr als verdoppelt, gro\u00dfe Perlfarmen sind angelegt worden und die Insel ist mit dem Rest der Welt durch eine gro\u00dfe Start- und Landebahn verbunden; es wird viel investiert in die Infrastruktur, in Schule, Klinik und weitere \u00f6ffentliche Geb\u00e4ude; die Mattscheiben der Fernseher flimmern abends durch die \u00d6ffnungen der H\u00fctten.<\/p>\n<p>Unser Favorit ist noch immer das tief beeindruckende und noch recht urspr\u00fcngliche Fatu Hiva mit seinen Schluchten, Bergen, W\u00e4ldern und Wasserf\u00e4llen. Die Wanderungen durch diese tropische Landschaft werden wir nicht vergessen. Und auch nicht Erichs Geburtstagsfeier bei den Einheimischen.<\/p>\n<p><big>\u00dc<\/big>brigens: auf dem ausgedehnten Riff von Raroia waren wir zwei Tage lang unterwegs auf der Suche nach der Stelle, an der 1947 die Kon Tiki mit Thor Heyerdahl und seinen Freunden gestrandet war. Dabei zogen wir an zahllosen kleinen Modus (Sandinselchen mit Palmen) vorbei, die sich wie erlesene Perlen einer Kette in der t\u00fcrkisfarbenen Lagune aneinanderreihten.<\/p>\n<p>Die Gedenktafel, die vor ein paar Jahren aufgestellt wurde &#8211; sie ist im Internet abgebildet &#8211; konnten wir leider nicht ausfindig machen &#8211; nur ein Monument aus Korallenbl\u00f6cken mit einer Madonna.<\/p>\n<p><a href=\"http:\/\/4.bp.blogspot.com\/-TivNlxsQ9Dc\/TnRX_KCbx5I\/AAAAAAAAA2k\/cSIahBGZZgw\/s1600\/kon+tiki+tafel.JPG\" rel=\"lightbox\"><img decoding=\"async\" src=\"http:\/\/4.bp.blogspot.com\/-TivNlxsQ9Dc\/TnRX_KCbx5I\/AAAAAAAAA2k\/cSIahBGZZgw\/s1600\/kon+tiki+tafel.JPG\" alt=\"\" width=\"640\" border=\"0\" \/><\/a><\/p>\n<p><center><em><span style=\"color: #606060;\"><a href=\"http:\/\/pazifikalchi.blogspot.de\/2011_08_01_archive.html\">Quelle<\/a><\/span><\/em><\/center>Die Einwohner \u2013 Polynesier \u2013 begegneten uns ausnahmslos freundlich, zur\u00fcckhaltend und hilfsbereit und hinterlie\u00dfen in uns stets das Gef\u00fchl, dass bei Ihnen Gesch\u00e4ftliches nicht so sehr im Vordergrund steht. Feilschen ist nicht \u00fcblich, Trinkgelder werden oft zur\u00fcckgewiesen.<\/p>\n<p>F\u00fcr uns wie auch f\u00fcr unsere mitsegelnden Freunde \u2013 alle bereits Freydis-kundig \u2013 verging die Zeit viel zu schnell. Immer neue Eindr\u00fccke an Land, genug zu tun auf See und nat\u00fcrlich bei jeder Gelegenheit Baden und Schnorcheln im blaugr\u00fcnen, glasklaren Wasser der Buchten und Lagunen.<\/p>\n<p>Heide &amp; Erich<\/p>\n","protected":false},"excerpt":{"rendered":"<p>Makemo\/Tuamotus, den 8. Mai 2013 Hallo Freunde, wir liegen f\u00fcr ein paar Tage in einer blauen Lagune des Makemo Atolls vor Anker, lassen die Seele baumeln und bereiten den n\u00e4chsten T\u00f6rn vor. Er wird uns noch \u00fcber weitere Tuamotu-Inseln zu &hellip; <a href=\"https:\/\/www.freydis.de\/wordpress\/trn-iii2013-marquesas-tuamotus\/\">Weiterlesen <span class=\"meta-nav\">&rarr;<\/span><\/a><\/p>\n","protected":false},"author":2,"featured_media":0,"comment_status":"open","ping_status":"open","sticky":false,"template":"","format":"standard","meta":{"_jetpack_memberships_contains_paid_content":false,"footnotes":""},"categories":[24],"tags":[],"class_list":["post-1470","post","type-post","status-publish","format-standard","hentry","category-reisebericht"],"jetpack_featured_media_url":"","jetpack_sharing_enabled":true,"_links":{"self":[{"href":"https:\/\/www.freydis.de\/wordpress\/wp-json\/wp\/v2\/posts\/1470","targetHints":{"allow":["GET"]}}],"collection":[{"href":"https:\/\/www.freydis.de\/wordpress\/wp-json\/wp\/v2\/posts"}],"about":[{"href":"https:\/\/www.freydis.de\/wordpress\/wp-json\/wp\/v2\/types\/post"}],"author":[{"embeddable":true,"href":"https:\/\/www.freydis.de\/wordpress\/wp-json\/wp\/v2\/users\/2"}],"replies":[{"embeddable":true,"href":"https:\/\/www.freydis.de\/wordpress\/wp-json\/wp\/v2\/comments?post=1470"}],"version-history":[{"count":5,"href":"https:\/\/www.freydis.de\/wordpress\/wp-json\/wp\/v2\/posts\/1470\/revisions"}],"predecessor-version":[{"id":1484,"href":"https:\/\/www.freydis.de\/wordpress\/wp-json\/wp\/v2\/posts\/1470\/revisions\/1484"}],"wp:attachment":[{"href":"https:\/\/www.freydis.de\/wordpress\/wp-json\/wp\/v2\/media?parent=1470"}],"wp:term":[{"taxonomy":"category","embeddable":true,"href":"https:\/\/www.freydis.de\/wordpress\/wp-json\/wp\/v2\/categories?post=1470"},{"taxonomy":"post_tag","embeddable":true,"href":"https:\/\/www.freydis.de\/wordpress\/wp-json\/wp\/v2\/tags?post=1470"}],"curies":[{"name":"wp","href":"https:\/\/api.w.org\/{rel}","templated":true}]}}