{"id":1512,"date":"2013-08-31T18:25:56","date_gmt":"2013-08-31T17:25:56","guid":{"rendered":"https:\/\/www.freydis.de\/wordpress\/?p=1512"},"modified":"2013-09-15T23:11:43","modified_gmt":"2013-09-15T22:11:43","slug":"nomea-ade","status":"publish","type":"post","link":"https:\/\/www.freydis.de\/wordpress\/nomea-ade\/","title":{"rendered":"Noumea ade!"},"content":{"rendered":"<p>Noumea, den 1. September 2013<\/p>\n<p>An unsere Freunde und Mitsegler<\/p>\n<p>Ihr Lieben,<\/p>\n<p>Unser guter &#8222;Weblog-Geist&#8220; Reinard ist schwer erkrankt. Gestern wurde er in Stuttgart operiert. Wir hoffen, dass er den Eingriff gut \u00fcbersteht und auf dem Weg der Besserung ist.<\/p>\n<p>Vor gut zwei Jahren war er dabei, uns in die Technik eines Weblogs einzuarbeiten. Da passierte Fukushima. Der Bau der neuen Freydis besch\u00e4ftigte uns anschlie\u00dfend so sehr, dass wir froh und dankbar waren, dass er das Setzen der Bilder und Beitr\u00e4ge in unseren Blog \u00fcbernahm.<\/p>\n<p>Doch nun stockt verst\u00e4ndlicherweise die Fortsetzung und so wollen wir Euch bis zu unserer R\u00fcckkehr nach Deutschland mit Rundschreiben auf dem Laufenden halten.<\/p>\n<p>Wir haben vor 10 Tagen Noumea in Neukaledonien erreicht. Hier endete der 15. T\u00f6rn seit unserem Aufbruch in Leer vor genau einem Jahr, und hier musterte unser Freund MiNi aus L\u00fcbeck als letzter von 91 Mitseglern ab. Wir waren froh und traurig zugleich: froh (und dankbar), dass alles geklappt hatte und dass wir jetzt mal eine zeitlang ganz alleine sind &#8211; auf keinen mehr R\u00fccksicht nehmen m\u00fcssen; traurig, weil wir die Gesellschaft unserer Freunde missen. Eine Ambivalenz, die sich durch die Jahrzehnte immer hindurchzieht.<br \/>\nMiNi, der letzte, der uns verlie\u00df, wird der erste sein, der im Januar wieder zusteigt: Er wird von Bundaberg\/Australien \u00fcber Rabaul\/PNG nach Guam wieder mit dabei sein.<\/p>\n<p>Zun\u00e4chst waren wir beide eine Woche in den sch\u00f6nen Buchten der Ile de Pins im S\u00fcden von Neukaledonien &#8211; ein Juwel in Gr\u00fcn und Blau im S\u00fcdpazifik. Jetzt r\u00fcsten wir das Boot f\u00fcr die \u00dcberfahrt nach Australien. Morgen nehmen wir Abschied von unseren Freunden Hannelore und Christian von der &#8222;Donella&#8220; und von Joel und Dominique von der &#8222;Savannah&#8220;.<\/p>\n<p>Einen Stop planen wir am Chesterfield Riff und auf der Avon Insel halben Wegs nach Australien. Solche einsamen Inseln im Ozean ziehen uns nach wie vor unwiderstehlich an. Von Bundaberg aus wollen wir anschlie\u00dfend noch einen Abstecher ins Outback zu den Opalminen von Coober Pedy machen, bevor wir Anfang Oktober nach Deutschland zur\u00fcckfliegen.<\/p>\n<p>Anfang Januar setzen wir unsere Reise nach Japan fort. Ihr findet die T\u00d6RNPL\u00c4NE F\u00dcR 2014 auf unserer Homepage unter http:\/\/blog.freydis.de .<\/p>\n<p>Wir hoffen, dass es Euch allen gut geht und sagen Auf Wiedersehen oder -h\u00f6ren in Deutschland.<\/p>\n<p>Seid herzlich gegr\u00fc\u00dft,<br \/>\nHeide &amp; Erich<\/p>\n<p><em>Nachtrag des Webmasters, Samstag, 31.8.2013 :: er hat soweit alles gut \u00fcberstanden und wird n\u00e4chste Woche wieder aktiver sein k\u00f6nnen.<\/em><\/p>\n","protected":false},"excerpt":{"rendered":"<p>Noumea, den 1. September 2013 An unsere Freunde und Mitsegler Ihr Lieben, Unser guter &#8222;Weblog-Geist&#8220; Reinard ist schwer erkrankt. Gestern wurde er in Stuttgart operiert. Wir hoffen, dass er den Eingriff gut \u00fcbersteht und auf dem Weg der Besserung ist. &hellip; <a href=\"https:\/\/www.freydis.de\/wordpress\/nomea-ade\/\">Weiterlesen <span class=\"meta-nav\">&rarr;<\/span><\/a><\/p>\n","protected":false},"author":2,"featured_media":0,"comment_status":"open","ping_status":"open","sticky":false,"template":"","format":"standard","meta":{"_jetpack_memberships_contains_paid_content":false,"footnotes":""},"categories":[1],"tags":[],"class_list":["post-1512","post","type-post","status-publish","format-standard","hentry","category-allgemein"],"jetpack_featured_media_url":"","jetpack_sharing_enabled":true,"_links":{"self":[{"href":"https:\/\/www.freydis.de\/wordpress\/wp-json\/wp\/v2\/posts\/1512","targetHints":{"allow":["GET"]}}],"collection":[{"href":"https:\/\/www.freydis.de\/wordpress\/wp-json\/wp\/v2\/posts"}],"about":[{"href":"https:\/\/www.freydis.de\/wordpress\/wp-json\/wp\/v2\/types\/post"}],"author":[{"embeddable":true,"href":"https:\/\/www.freydis.de\/wordpress\/wp-json\/wp\/v2\/users\/2"}],"replies":[{"embeddable":true,"href":"https:\/\/www.freydis.de\/wordpress\/wp-json\/wp\/v2\/comments?post=1512"}],"version-history":[{"count":3,"href":"https:\/\/www.freydis.de\/wordpress\/wp-json\/wp\/v2\/posts\/1512\/revisions"}],"predecessor-version":[{"id":1534,"href":"https:\/\/www.freydis.de\/wordpress\/wp-json\/wp\/v2\/posts\/1512\/revisions\/1534"}],"wp:attachment":[{"href":"https:\/\/www.freydis.de\/wordpress\/wp-json\/wp\/v2\/media?parent=1512"}],"wp:term":[{"taxonomy":"category","embeddable":true,"href":"https:\/\/www.freydis.de\/wordpress\/wp-json\/wp\/v2\/categories?post=1512"},{"taxonomy":"post_tag","embeddable":true,"href":"https:\/\/www.freydis.de\/wordpress\/wp-json\/wp\/v2\/tags?post=1512"}],"curies":[{"name":"wp","href":"https:\/\/api.w.org\/{rel}","templated":true}]}}