{"id":2039,"date":"2015-10-24T16:51:18","date_gmt":"2015-10-24T15:51:18","guid":{"rendered":"https:\/\/www.freydis.de\/wordpress\/?p=2039"},"modified":"2015-11-17T20:12:53","modified_gmt":"2015-11-17T19:12:53","slug":"heides-ebook-reihe-steht","status":"publish","type":"post","link":"https:\/\/www.freydis.de\/wordpress\/heides-ebook-reihe-steht\/","title":{"rendered":"Heides eBook-Reihe steht"},"content":{"rendered":"<p><i>Samstag, 24.10.2015, Heidelberg<\/i><\/p>\n<h2>Nun auch als eBooks<\/h2>\n<p><a href=\"https:\/\/www.freydis.de\/bilder\/2015\/10\/sieben Meere.jpg\" rel=\"lightbox\"><img decoding=\"async\" src=\"https:\/\/www.freydis.de\/bilder\/2015\/10\/sieben Meere.jpg\" alt=\"\" width=\"640\" border=\"0\" \/><\/a><\/p>\n<p><center align=\"right\"><i><font color=\"#606060\"><a href=\"https:\/\/www.freydis.de\/bilder\/2015\/10\/Leseprobe 1.pdf\">Leseprobe (\u00bbVORSTOSS IN DIE ANTARKTIS\u00ab, PDF)<\/a><\/font><\/i><\/center><\/p>\n<h3><strong>Die acht erz\u00e4hlenden B\u00fccher von Heide Wilts,\u2026<\/strong><\/h3>\n<p><strong>\u2026die mit Ausnahme ihres letzten Buches alle zwischen 1984 und 2003 im Verlag Delius Klasing Bielefeld erschienen sind, k\u00f6nnen nun auch als eBooks heruntergeladen werden (s.u.). <\/strong><\/p>\n<p>In ihre digitale Form \u00fcbertragen wurden die B\u00fccher von Erich und mir, unterst\u00fctzt von Daniel Schumacher, Informatiker aus K\u00f6ln. Dabei nahm ich die Gelegenheit wahr, die B\u00fccher zu aktualisieren und einige davon sogar um weitere Kapitel zu erg\u00e4nzen.<\/p>\n<p>Aus diesem Anlass will ich die B\u00fccher der Reihe nach erneut vorstellen: zun\u00e4chst &#8222;Weit in Norden liegt Kap Hoorn&#8220;, das 1984 und 1987 im Verlag Delius Klasing erschien: &#8222;Ein packendes, poetisches Buch \u00fcber eine waghalsige Reise und die Leistung einer Mannschaft, die auch menschlich Bestand hatte&#8220;, hei\u00dft es im Klappentext.<\/p>\n<p>Das Buch beschreibt unsere erste Reise zusammen mit Freunden auf der Freydis 1981\/82 in die Antarktis. Was davon blieb, war zun\u00e4chst das Logbuch, mein Tagebuch, einige wenige Bilder &#8211; nur Erich und Mitsegler Folkmar hatten Fotoapparate dabei &#8211; und ein 60-Minuten-Film, den ich mit meiner 8mm-Kamera gedreht hatte. Diesen Film zeigten wir auf den Vortr\u00e4gen, zu denen wir eingeladen wurden &#8211; mit \u00fcberw\u00e4ltigender Reaktion. F\u00fcr mich ein Ansporn aus Logbuch und Tagebuch-Aufzeichnungen ein Buch zu machen.<\/p>\n<h3>Aber was war denn so besonders an dieser Reise?<\/h3>\n<p><a href=\"https:\/\/www.freydis.de\/bilder\/2015\/11\/b1-1.jpg\" rel=\"lightbox\"><img decoding=\"async\" src=\"https:\/\/www.freydis.de\/bilder\/2015\/11\/b1-1.jpg\" width=\"640\" alt=\"\" border=\"0\" \/><\/a><\/p>\n<p><center align=\"right\"><i><font color=\"#606060\">An der Kreuz vor der brasilianischen K\u00fcste<\/font><\/i><\/center><\/p>\n<p><a href=\"https:\/\/www.freydis.de\/bilder\/2015\/11\/b1-2.jpg\" rel=\"lightbox\"><img decoding=\"async\" src=\"https:\/\/www.freydis.de\/bilder\/2015\/11\/b1-2.jpg\" width=\"640\" alt=\"\" border=\"0\" \/><\/a><\/p>\n<p><center align=\"right\"><i><font color=\"#606060\">Unter Blister passieren wir ein Wrack auf den Ilhas Selvagens (Foto vom Dingi aus)<\/font><\/i><\/center><br \/>\n<\/p>\n<p>Nun, zu dieser Zeit waren wir mit unserer Freydis eine der ersten Yachten, die ums Kap Hoorn segelten, und wir waren die erste deutsche Crew, die in die einsame Gletscherwelt der Antarktis vorstie\u00df &#8211; damals noch Terra Incognita. Wir waren jung &#8211; Erich und ich mit knapp 40 die \u00e4ltesten, unsere Mitsegler Anfang bis Mitte 20 &#8211; , wir strotzten vor Unternehmungslust und Begeisterung f\u00fcr diese Reise. Was gut war, denn zu dieser Zeit gab es noch kein GPS, keine elektronischen Karten, keine Thermow\u00e4sche, Vlies-Bekleidung oder Rollgenua; es gab keinen Laptop, kein Internet, kein Wikipedia, keine Emails und auch keinen Kreuzfahrt-Tourismus. Wir waren allein auf uns gestellt, navigierten wie zu Cooks Zeiten nur mit Kompass und Sextant und kamen uns vor wie echte Entdecker.<\/p>\n<p><a href=\"https:\/\/www.freydis.de\/bilder\/2015\/11\/b1-3.jpg\" rel=\"lightbox\"><img decoding=\"async\" src=\"https:\/\/www.freydis.de\/bilder\/2015\/11\/b1-3.jpg\" width=\"640\" alt=\"\" border=\"0\" \/><\/a><\/p>\n<p><center align=\"right\"><i><font color=\"#606060\">In Stanley auf den Falklands kurz vor Kriegsausbruch: Aufmarsch der Streitkr\u00e4fte<\/font><\/i><\/center><br \/>\n<\/p>\n<p>Mit dem &#8222;Gl\u00fcck der Ahnungslosen&#8220; nahmen wir alle H\u00fcrden, die sich uns stellten. Wir erf\u00fcllten uns unsere k\u00fchnsten Tr\u00e4ume selbst, und wir waren stolz darauf. Und die Freundschaften, die auf dieser Reise entstanden, hielten und halten nun schon fast 40 Jahre. Mit einigen der Freunde segeln wir immer noch zusammen \u00fcber die Meere.<\/p>\n<h3>Wie macht man ein Buch?<\/h3>\n<p>Das Problem: Ich hatte keine Ahnung, wie man ein Buch macht: Ich war \u00c4rztin, keine Schriftstellerin. Den Text schrieb ich mit der Hand und tippte ihn dann m\u00fchsam in unsere kleine Reiseschreibmaschine. Voller Erwartung schickte ich mein &#8222;Manuskript&#8220; an den Verlag: Absage! Ein Buch in Form eines Tagebuchs sei nicht akzeptabel; ich sollte das Manuskript umarbeiten, dann w\u00fcrden sie es erneut pr\u00fcfen. Ich war am Boden zerst\u00f6rt: Alle Arbeit umsonst! Denn <em>wann<\/em> sollte ich es umschreiben &#8211; ich war voll berufst\u00e4tig und mein Feierabend fing oft erst um 19:00 Uhr an.<\/p>\n<p>Doch als ich ein wenig Distanz zu dem Problem hatte, kramte ich den Kasus Knacktus wieder hervor, holte mir Rat von Experten und begann es umzuschreiben. Es wurde ein m\u00fchsamer Lernprozess. Um Textstellen neu zu ordnen, zerschnitt ich das Manuskript. Oft sa\u00df ich mit der Schere in der Hand im Wohnzimmer auf dem Boden inmitten eines Fleckerlteppichs aus Papierschnipseln.<\/p>\n<p>Als das Buch 1984 erschienen war, hielten wir Vortr\u00e4ge in Linz, Frankfurt und Berlin. Es waren unsere ersten gr\u00f6\u00dferen Auftritte. Das Buch wurde mir damals f\u00f6rmlich aus den H\u00e4nden gerissen &#8211; ein tolles Gef\u00fchl, das mich dazu noch motivierte, weiterzuschreiben.<\/p>\n<p><a href=\"https:\/\/www.freydis.de\/bilder\/2015\/11\/b1-4.jpg\" rel=\"lightbox\"><img decoding=\"async\" src=\"https:\/\/www.freydis.de\/bilder\/2015\/11\/b1-4.jpg\" width=\"640\" alt=\"\" border=\"0\" \/><\/a><\/p>\n<p><center align=\"right\"><i><font color=\"#606060\">Das wird gefeiert: Landfall im Kratersee von Deception, Antarktis<\/font><\/i><\/center><\/p>\n<p><a href=\"https:\/\/www.freydis.de\/bilder\/2015\/11\/b1-5.jpg\" rel=\"lightbox\"><img decoding=\"async\" src=\"https:\/\/www.freydis.de\/bilder\/2015\/11\/b1-5.jpg\" width=\"640\" alt=\"\" border=\"0\" \/><\/a><\/p>\n<p><center align=\"right\"><i><font color=\"#606060\">Bordkatze Robe liebt Languste<\/font><\/i><\/center><br \/>\n<\/p>\n<ul>\n<li><a href=\"https:\/\/www.freydis.de\/bilder\/2015\/10\/Leseprobe 1.pdf\">Leseprobe (\u00bbVORSTOSS IN DIE ANTARKTIS\u00ab, PDF)<\/a><\/font><\/i><\/li>\n<\/ul>\n<h3>Digitale Neuauflage<\/h3>\n<p><big>D<\/big>ie erz\u00e4hlenden B\u00fccher von Heide Wilts sind nun alle als eBooks erh\u00e4ltlich, und zwar in zwei Versionen:<\/p>\n<ol start=\"1\">\n<li>mit ca. 20 bis 50 Fotos f\u00fcr 9,99 \u20ac<\/li>\n<li>als Edition+ mit 250 bis 850 ganzseitigen Farbfotos f\u00fcr 14,99 \u20ac<\/li>\n<\/ol>\n<p>Ihr k\u00f6nnt beide Version bei den Online-Portalen <a href=\"https:\/\/www.freydis.de\/wordpress\/?page_id=2052#wokaufen\">dieser \u00fcberregional arbeitenden Buchh\u00e4ndler<\/a> \u00fcber das Internet erwerben.<\/p>\n<h3>Die letze Fahrt der Freydis\u2026<\/h3>\n<p>\u2026gibt es \u00fcbrigens seit Ende 2013 <a href=\"https:\/\/www.freydis.de\/wordpress\/?p=1671\">bereits als eBook<\/a>. Ausserdem hatten wir am ersten Januar 2015 <a href=\"https:\/\/www.freydis.de\/wordpress\/?p=1892\">schon einmal \u00fcber die neue Reihe berichtet<\/a> und die Titel vorgestellt.<\/p>\n<h3>Papierb\u00fccher-Liebhaber\u2026<\/h3>\n<p>\u2026k\u00f6nnen wie bisher alle B\u00fccher und Bildb\u00e4nde bei uns erhalten. Auf <a href=\"https:\/\/www.freydis.de\/wordpress\/?page_id=154\">unserem Blog ist unter &#8222;B\u00dcCHER&#8220; die komplette Aufstellung<\/a>.<\/p>\n","protected":false},"excerpt":{"rendered":"<p>Samstag, 24.10.2015, Heidelberg Nun auch als eBooks Leseprobe (\u00bbVORSTOSS IN DIE ANTARKTIS\u00ab, PDF) Die acht erz\u00e4hlenden B\u00fccher von Heide Wilts,\u2026 \u2026die mit Ausnahme ihres letzten Buches alle zwischen 1984 und 2003 im Verlag Delius Klasing Bielefeld erschienen sind, k\u00f6nnen nun &hellip; <a href=\"https:\/\/www.freydis.de\/wordpress\/heides-ebook-reihe-steht\/\">Weiterlesen <span class=\"meta-nav\">&rarr;<\/span><\/a><\/p>\n","protected":false},"author":2,"featured_media":0,"comment_status":"open","ping_status":"closed","sticky":false,"template":"","format":"standard","meta":{"_jetpack_memberships_contains_paid_content":false,"footnotes":""},"categories":[1],"tags":[49,34],"class_list":["post-2039","post","type-post","status-publish","format-standard","hentry","category-allgemein","tag-ebook","tag-freydis"],"jetpack_featured_media_url":"","jetpack_sharing_enabled":true,"_links":{"self":[{"href":"https:\/\/www.freydis.de\/wordpress\/wp-json\/wp\/v2\/posts\/2039","targetHints":{"allow":["GET"]}}],"collection":[{"href":"https:\/\/www.freydis.de\/wordpress\/wp-json\/wp\/v2\/posts"}],"about":[{"href":"https:\/\/www.freydis.de\/wordpress\/wp-json\/wp\/v2\/types\/post"}],"author":[{"embeddable":true,"href":"https:\/\/www.freydis.de\/wordpress\/wp-json\/wp\/v2\/users\/2"}],"replies":[{"embeddable":true,"href":"https:\/\/www.freydis.de\/wordpress\/wp-json\/wp\/v2\/comments?post=2039"}],"version-history":[{"count":12,"href":"https:\/\/www.freydis.de\/wordpress\/wp-json\/wp\/v2\/posts\/2039\/revisions"}],"predecessor-version":[{"id":2182,"href":"https:\/\/www.freydis.de\/wordpress\/wp-json\/wp\/v2\/posts\/2039\/revisions\/2182"}],"wp:attachment":[{"href":"https:\/\/www.freydis.de\/wordpress\/wp-json\/wp\/v2\/media?parent=2039"}],"wp:term":[{"taxonomy":"category","embeddable":true,"href":"https:\/\/www.freydis.de\/wordpress\/wp-json\/wp\/v2\/categories?post=2039"},{"taxonomy":"post_tag","embeddable":true,"href":"https:\/\/www.freydis.de\/wordpress\/wp-json\/wp\/v2\/tags?post=2039"}],"curies":[{"name":"wp","href":"https:\/\/api.w.org\/{rel}","templated":true}]}}