{"id":2145,"date":"2015-11-05T17:40:21","date_gmt":"2015-11-05T16:40:21","guid":{"rendered":"https:\/\/www.freydis.de\/wordpress\/?p=2145"},"modified":"2015-11-07T16:19:11","modified_gmt":"2015-11-07T15:19:11","slug":"eine-seefahrt-die-ist-lustig","status":"publish","type":"post","link":"https:\/\/www.freydis.de\/wordpress\/eine-seefahrt-die-ist-lustig\/","title":{"rendered":"Eine Seefahrt, die ist lustig\u2026"},"content":{"rendered":"<p><i>Mittwoch, 04.11.2015, Leer<\/i><\/p>\n<h2>Ob man in Berlin segeln kann? Man kann!<\/h2>\n<p>Hallo Freunde,<\/p>\n<p>im Yachtclub St\u00f6ssensee in Spandau kl\u00e4rte man mich auf: &#8222;Zwischen Elbe und Ostsee liegt Europas gr\u00f6\u00dftes Binnenrevier f\u00fcr Wassersportler und Wassertouristen mit \u00fcber 5000 Seen und 3600 Kilometer durchgehende schiffbare Gew\u00e4sser und Berlin im Zentrum &#8211; keine andere Stadt in Europa kann man so direkt und hautnah mit dem Schiff bereisen\u2026.&#8220;<\/p>\n<p>W\u00e4hrend Heide nach Ihrer OP noch das Bett h\u00fcten musste, luden mich unsere Freunde Lore und Peter V\u00f6rsmann zu einer Segelpartie auf ihrer \u201eLuise\u201c ein, einem Plattbodenschiff, das sie renoviert hatten und auch als Berliner \u201eStadtwohnung\u201c nutzen. Zuerst ging es von Spandau unter Maschine zu einem der benachbarten Clubs. Dort wurde gerade das Ende der Segelsaison gefeiert. Dann folgten einige unbeschwerte Stunden unter Segeln auf der Havel. Leider hatte ich keinen Fotoapparat dabei, aber unsere Freunde konnten mit Bildern aushelfen, zum Teil aus ihrem Archiv.<\/p>\n<p><a href=\"https:\/\/www.freydis.de\/bilder\/2015\/11\/01 IMG_7542.jpeg\" rel=\"lightbox\"><img decoding=\"async\" src=\"https:\/\/www.freydis.de\/bilder\/2015\/11\/01 IMG_7542.jpeg\" alt=\"\" width=\"640\" border=\"0\" \/><\/a><\/p>\n<p><center><i><span style=\"color: #606060;\">Bild 1: Yachtclub St\u00f6ssensee<\/span><\/i><\/center><a href=\"https:\/\/www.freydis.de\/bilder\/2015\/11\/02 c0bd05c3.jpg\" rel=\"lightbox\"><img decoding=\"async\" src=\"https:\/\/www.freydis.de\/bilder\/2015\/11\/02 c0bd05c3.jpg\" alt=\"\" width=\"640\" border=\"0\" \/><\/a><\/p>\n<p><center><i><span style=\"color: #606060;\">Bild 2: Die \u201eLuise\u201c am Steg<\/span><\/i><\/center><a href=\"https:\/\/www.freydis.de\/bilder\/2015\/11\/03 IMG_1070.JPG\" rel=\"lightbox\"><img decoding=\"async\" src=\"https:\/\/www.freydis.de\/bilder\/2015\/11\/03 IMG_1070.JPG\" alt=\"\" width=\"640\" border=\"0\" \/><\/a><\/p>\n<p><center><i><span style=\"color: #606060;\">Bild 3: Start unter der Br\u00fccke<\/span><\/i><\/center><a href=\"https:\/\/www.freydis.de\/bilder\/2015\/11\/04 IMG_1060.JPG\" rel=\"lightbox\"><img decoding=\"async\" src=\"https:\/\/www.freydis.de\/bilder\/2015\/11\/04 IMG_1060.JPG\" alt=\"\" width=\"640\" border=\"0\" \/><\/a><\/p>\n<p><center><i><span style=\"color: #606060;\">Bild 4: Peter V\u00f6rsmann + Erich<\/span><\/i><\/center><a href=\"https:\/\/www.freydis.de\/bilder\/2015\/11\/05 IMG_1065.JPG\" rel=\"lightbox\"><img decoding=\"async\" src=\"https:\/\/www.freydis.de\/bilder\/2015\/11\/05 IMG_1065.JPG\" alt=\"\" width=\"640\" border=\"0\" \/><\/a><\/p>\n<p><center><i><span style=\"color: #606060;\">Bild 5: Erich an der Pinne<\/span><\/i><\/center><a href=\"https:\/\/www.freydis.de\/bilder\/2015\/11\/06a P1140640.jpg\" rel=\"lightbox\"><img decoding=\"async\" src=\"https:\/\/www.freydis.de\/bilder\/2015\/11\/06a P1140640.jpg\" alt=\"\" width=\"640\" border=\"0\" \/><\/a><\/p>\n<p><center><i><span style=\"color: #606060;\">Bild 6: \u201eLuise\u201c unter Segeln<\/span><\/i><\/center><a href=\"https:\/\/www.freydis.de\/bilder\/2015\/11\/07 2d0d7b13.jpg\" rel=\"lightbox\"><img decoding=\"async\" src=\"https:\/\/www.freydis.de\/bilder\/2015\/11\/07 2d0d7b13.jpg\" alt=\"\" width=\"640\" border=\"0\" \/><\/a><\/p>\n<p><center><i><span style=\"color: #606060;\">Bild 7: Auf der Havel mit gelegtem Mast<\/span><\/i><\/center><a href=\"https:\/\/www.freydis.de\/bilder\/2015\/11\/11 DSC04037.jpeg\" rel=\"lightbox\"><img decoding=\"async\" src=\"https:\/\/www.freydis.de\/bilder\/2015\/11\/11 DSC04037.jpeg\" alt=\"\" width=\"640\" border=\"0\" \/><\/a><\/p>\n<p><center><i><span style=\"color: #606060;\">Bild 11: \u201eLuise\u201c wird getauft<\/span><\/i><\/center>Die V\u00f6rsmanns kennt man eher als See-Segler. Mit ihrer \u201eOrion\u201c segeln sie seit Jahren an der norwegischen K\u00fcste bis hoch nach Spitzbergen und Lore ist begehrte Mitseglerin auf Extremt\u00f6rns (siehe YACHT 3\/12 Portr\u00e4t: \u201eEin Leben als Vagabundin zur See\u201c und YACHT 05\/2015 \u201eKojencharter &#8211; Erfahrungsberichte\u201c)<\/p>\n<p><a href=\"https:\/\/www.freydis.de\/bilder\/2015\/11\/20 196.jpeg\" rel=\"lightbox\"><img decoding=\"async\" src=\"https:\/\/www.freydis.de\/bilder\/2015\/11\/20 196.jpeg\" alt=\"\" width=\"640\" border=\"0\" \/><\/a><\/p>\n<p><center><i><span style=\"color: #606060;\">Bild 20: Die \u201eOrion\u201c in Spitzbergen<\/span><\/i><\/center>Ob sie jetzt reine Binnensegler geworden sind? Keine Spur! Im n\u00e4chsten Jahr geht es mit der \u201eOrion&#8220; wieder in den Norden, au\u00dferdem hat Lore, die schon seit 20 Jahren auf der Freydis immer wieder als Mitseglerin anheuert (zuletzt in Japan und Alaska), ihre Teilnahme f\u00fcr den ersten Freydis-T\u00f6rn im Golf von Alaska in 2016 \u00a0bereits zugesagt.<\/p>\n<h2>War das alles? Mitnichten!<\/h2>\n<p>Gerade hat Lore einen Opti f\u00fcr die Enkel gebaut.<\/p>\n<p><a href=\"https:\/\/www.freydis.de\/bilder\/2015\/11\/22 P1140728.JPG\" rel=\"lightbox\"><img decoding=\"async\" src=\"https:\/\/www.freydis.de\/bilder\/2015\/11\/22 P1140728.JPG\" alt=\"\" width=\"640\" border=\"0\" \/><\/a><\/p>\n<p><center><i><span style=\"color: #606060;\">Bild 22: Bau und Endlackierung des Opti.<\/span><\/i><\/center><\/p>\n<h2>F\u00fcr uns ganz klar: Die V\u00f6rsmanns sind unter die Reeder gekommen<\/h2>\n<p><a href=\"https:\/\/www.freydis.de\/bilder\/2015\/11\/23 IMG0054.jpg\" rel=\"lightbox\"><img decoding=\"async\" src=\"https:\/\/www.freydis.de\/bilder\/2015\/11\/23 IMG0054.jpg\" alt=\"\" width=\"640\" border=\"0\" \/><\/a><\/p>\n<p><center><i><span style=\"color: #606060;\">Das Reederpaar Lore + Peter V\u00f6rsmann (im Hintergrund die alte \u201eFreydis\u201c)<\/span><\/i><\/center><\/p>\n","protected":false},"excerpt":{"rendered":"<p>Mittwoch, 04.11.2015, Leer Ob man in Berlin segeln kann? Man kann! Hallo Freunde, im Yachtclub St\u00f6ssensee in Spandau kl\u00e4rte man mich auf: &#8222;Zwischen Elbe und Ostsee liegt Europas gr\u00f6\u00dftes Binnenrevier f\u00fcr Wassersportler und Wassertouristen mit \u00fcber 5000 Seen und 3600 &hellip; <a href=\"https:\/\/www.freydis.de\/wordpress\/eine-seefahrt-die-ist-lustig\/\">Weiterlesen <span class=\"meta-nav\">&rarr;<\/span><\/a><\/p>\n","protected":false},"author":2,"featured_media":0,"comment_status":"open","ping_status":"closed","sticky":false,"template":"","format":"standard","meta":{"_jetpack_memberships_contains_paid_content":false,"footnotes":""},"categories":[1],"tags":[51,50,18,52],"class_list":["post-2145","post","type-post","status-publish","format-standard","hentry","category-allgemein","tag-berlin","tag-binnengewaesser","tag-segeln","tag-spree"],"jetpack_featured_media_url":"","jetpack_sharing_enabled":true,"_links":{"self":[{"href":"https:\/\/www.freydis.de\/wordpress\/wp-json\/wp\/v2\/posts\/2145","targetHints":{"allow":["GET"]}}],"collection":[{"href":"https:\/\/www.freydis.de\/wordpress\/wp-json\/wp\/v2\/posts"}],"about":[{"href":"https:\/\/www.freydis.de\/wordpress\/wp-json\/wp\/v2\/types\/post"}],"author":[{"embeddable":true,"href":"https:\/\/www.freydis.de\/wordpress\/wp-json\/wp\/v2\/users\/2"}],"replies":[{"embeddable":true,"href":"https:\/\/www.freydis.de\/wordpress\/wp-json\/wp\/v2\/comments?post=2145"}],"version-history":[{"count":3,"href":"https:\/\/www.freydis.de\/wordpress\/wp-json\/wp\/v2\/posts\/2145\/revisions"}],"predecessor-version":[{"id":2149,"href":"https:\/\/www.freydis.de\/wordpress\/wp-json\/wp\/v2\/posts\/2145\/revisions\/2149"}],"wp:attachment":[{"href":"https:\/\/www.freydis.de\/wordpress\/wp-json\/wp\/v2\/media?parent=2145"}],"wp:term":[{"taxonomy":"category","embeddable":true,"href":"https:\/\/www.freydis.de\/wordpress\/wp-json\/wp\/v2\/categories?post=2145"},{"taxonomy":"post_tag","embeddable":true,"href":"https:\/\/www.freydis.de\/wordpress\/wp-json\/wp\/v2\/tags?post=2145"}],"curies":[{"name":"wp","href":"https:\/\/api.w.org\/{rel}","templated":true}]}}