{"id":2407,"date":"2016-01-06T16:24:39","date_gmt":"2016-01-06T15:24:39","guid":{"rendered":"https:\/\/www.freydis.de\/wordpress\/?p=2407"},"modified":"2016-01-07T19:15:28","modified_gmt":"2016-01-07T18:15:28","slug":"reise-unseres-lebens","status":"publish","type":"post","link":"https:\/\/www.freydis.de\/wordpress\/reise-unseres-lebens\/","title":{"rendered":"Reise unseres Lebens"},"content":{"rendered":"<p>\n\t<i>Mittwoch, 06.01.2016, Heidelberg :: Heide Wilts, f\u00fcr die \u201eYacht\u201c Nr. 25\/26 vom 2. Dez. 2015<\/p>\n<p><font size=\"-1\" color=\"#606060\"><br \/>\nWir hatten schon kurz berichtet, dass zu diesem Thema 20 Autoren in der YACHT 25\/26 geschrieben haben.<br \/>\nWir fanden die Beitr\u00e4ge so interessant und mit so gro\u00dfer Offenheit geschrieben, dass wir sie Euch hier am liebsten alle als PDF zum Lesen geben w\u00fcrden &#8211; aber die Redaktion der \u201eYacht\u201c hat rechtliche Bedenken. Sie darf diese Beitr\u00e4ge selber verwenden, aber nicht ohne Zustimmung der Autoren weitergeben.<br \/>\nDeshalb lest Ihr hier nur Heides Beitrag. Wenn Euch die anderen interessieren und Ihr sie nicht sowieso schon im Heft gelesen habt, m\u00fcsst Ihr Euch an den Leserdienst der \u201eYacht\u201c wenden.<\/p>\n<p>Herzliche Gr\u00fcsse<br \/>\nHeide + Erich<br \/>\n<\/i><\/font>\n<\/p>\n<p><a href=\"https:\/\/www.freydis.de\/bilder\/2016\/01\/Titel_Toern_des_Lebens.jpg\" rel=\"lightbox\"><img decoding=\"async\" src=\"https:\/\/www.freydis.de\/bilder\/2016\/01\/Titel_Toern_des_Lebens.jpg\" width=\"640\" alt=\"\" border=\"0\" \/><\/a><br \/>\n<center align=\"right\"><i><font color=\"#606060\">Titel: \u00a9 YACHT<\/font><\/i><\/center><\/p>\n<h3>Die &#8222;Reise unseres Lebens\u201c?<\/h3>\n<p>Das war ganz klar unsere Antarktisumsegelung! Aber sieben Jahre kann man nun einmal nicht in ein paar Zeilen zusammenfassen. Daher versuche ich nur den Gr\u00fcnden auf die Spur zu kommen, warum sie das ist und was sie uns letztlich f\u00fcr unser weiteres Leben an wertvollen Erfahrungen gegeben hat.<\/p>\n<p>(Kurz zur Reise: Sie begann im Oktober 1990 am Kap Hoorn und endete gut 7 Jahre sp\u00e4ter &#8211; im M\u00e4rz 1998 &#8211; am selben Kap. W\u00e4hrend unserer \u00dcberwinterung im Kratersee der Vulkaninsel Deception strandeten wir und \u00fcberlebten sieben Monate in einer Noth\u00fctte. Ende Dezember 1991 segelten wir mit der provisorisch reparierten Freydis nach Feuerland zur\u00fcck, wo wir das Schiff in sechs Monaten mit Unterst\u00fctzung von Feuerlandindianern \u00fcberholten und die geplante Antarktisumsegelung von West nach Ost in Angriff nahmen &#8211; wobei wir fast alle an ihrem Rande liegenden antarktischen und subantarktischen Archipele anlaufen und auch betreten konnten. Naturgem\u00e4\u00df war die Segelsaison dort sehr begrenzt; sobald der S\u00fcdwinter nahte, mussten wir in w\u00e4rmere Gefilde ausweichen. Das war f\u00fcr uns eine willkommene Abwechslung, oft verbunden mit dem Besuch tropischer Inseln abseits aller Touristenstr\u00f6me.) <a href=\"https:\/\/www.freydis.de\/wordpress\/veroeffentlichungen\/die-reise-unseres-lebens\/\">Weiterlesen\u2026<\/a><\/p>\n","protected":false},"excerpt":{"rendered":"<p>Mittwoch, 06.01.2016, Heidelberg :: Heide Wilts, f\u00fcr die \u201eYacht\u201c Nr. 25\/26 vom 2. Dez. 2015 Wir hatten schon kurz berichtet, dass zu diesem Thema 20 Autoren in der YACHT 25\/26 geschrieben haben. Wir fanden die Beitr\u00e4ge so interessant und mit &hellip; <a href=\"https:\/\/www.freydis.de\/wordpress\/reise-unseres-lebens\/\">Weiterlesen <span class=\"meta-nav\">&rarr;<\/span><\/a><\/p>\n","protected":false},"author":2,"featured_media":0,"comment_status":"open","ping_status":"closed","sticky":false,"template":"","format":"standard","meta":{"_jetpack_memberships_contains_paid_content":false,"footnotes":""},"categories":[1],"tags":[],"class_list":["post-2407","post","type-post","status-publish","format-standard","hentry","category-allgemein"],"jetpack_featured_media_url":"","jetpack_sharing_enabled":true,"_links":{"self":[{"href":"https:\/\/www.freydis.de\/wordpress\/wp-json\/wp\/v2\/posts\/2407","targetHints":{"allow":["GET"]}}],"collection":[{"href":"https:\/\/www.freydis.de\/wordpress\/wp-json\/wp\/v2\/posts"}],"about":[{"href":"https:\/\/www.freydis.de\/wordpress\/wp-json\/wp\/v2\/types\/post"}],"author":[{"embeddable":true,"href":"https:\/\/www.freydis.de\/wordpress\/wp-json\/wp\/v2\/users\/2"}],"replies":[{"embeddable":true,"href":"https:\/\/www.freydis.de\/wordpress\/wp-json\/wp\/v2\/comments?post=2407"}],"version-history":[{"count":7,"href":"https:\/\/www.freydis.de\/wordpress\/wp-json\/wp\/v2\/posts\/2407\/revisions"}],"predecessor-version":[{"id":2420,"href":"https:\/\/www.freydis.de\/wordpress\/wp-json\/wp\/v2\/posts\/2407\/revisions\/2420"}],"wp:attachment":[{"href":"https:\/\/www.freydis.de\/wordpress\/wp-json\/wp\/v2\/media?parent=2407"}],"wp:term":[{"taxonomy":"category","embeddable":true,"href":"https:\/\/www.freydis.de\/wordpress\/wp-json\/wp\/v2\/categories?post=2407"},{"taxonomy":"post_tag","embeddable":true,"href":"https:\/\/www.freydis.de\/wordpress\/wp-json\/wp\/v2\/tags?post=2407"}],"curies":[{"name":"wp","href":"https:\/\/api.w.org\/{rel}","templated":true}]}}