{"id":2458,"date":"2016-03-17T11:02:07","date_gmt":"2016-03-17T10:02:07","guid":{"rendered":"https:\/\/www.freydis.de\/wordpress\/?p=2458"},"modified":"2016-08-16T11:11:31","modified_gmt":"2016-08-16T10:11:31","slug":"seekrankheit","status":"publish","type":"post","link":"https:\/\/www.freydis.de\/wordpress\/seekrankheit\/","title":{"rendered":"Seekrankheit"},"content":{"rendered":"<p><a href=\"https:\/\/www.freydis.de\/bilder\/2016\/03\/Geo-Sud2-1.jpg\" rel=\"lightbox\"><img decoding=\"async\" src=\"https:\/\/www.freydis.de\/bilder\/2016\/03\/Geo-Sud2-1.jpg\" alt=\"\" width=\"640\" border=\"0\" \/><\/a><\/p>\n<p><i>Donnerstag, 17.03.2016, Heidelberg<\/i><\/p>\n<h2>Crewtreffen<\/h2>\n<p>Hallo Freunde,<\/p>\n<p>vielen Dank, dass Ihr die teilweise sehr weite Reise auf Euch genommen habt und zu uns zum Crewtreffen nach Heidelberg gekommen seid.<\/p>\n<p>Wir glauben, es war f\u00fcr alle ein Gewinn und erh\u00f6ht die Aussicht auf gemeinsame, sch\u00f6ne und erlebnisreiche T\u00f6rns im Golf.<\/p>\n<p>Einen Punkt haben wir vergessen, zur Sprache zu bringen und holen das hiermit nach:<\/p>\n<h3>Das Thema Seekrankheit<\/h3>\n<p>Wer nicht absolut seefest ist, bringe bitte in seiner pers\u00f6nlichen Bordapotheke mit:<\/p>\n<ol start=\"1\">\n<li>Scopoderm-Pflaster, am Abend vor dem Auslaufen hinters Ohr zu kleben, wirkt ca drei Tage<\/li>\n<li>Vomex-A Z\u00e4pfchen f\u00fcr Erwachsene, ggf auch f\u00fcr Kinder als \u201eNotnagel\u201c in dem Fall, dass Euch die Seekrankheit schon erwischt hat.<\/li>\n<\/ol>\n<p>Seekrankheit an Bord ist unangenehm: F\u00fcr den, der sie bekommt und ausf\u00e4llt und f\u00fcr die Crew, die personell geschw\u00e4cht wird und sich vielleicht auch noch um den Kranken k\u00fcmmern muss.<\/p>\n<h3>Seekrankheit ist vermeidbar!<\/h3>\n<p>Wir beide wissen, wovon wir reden, denn wir haben mit Seekrankheit selber ein Leben lang zu tun und wir sind schon mit hunderten von Seglern unterwegs gewesen, die ebenfalls darunter leiden.<\/p>\n<p>Wenn Ihr noch Fragen habt, ruft an oder mailt.<\/p>\n<p>Herzliche Gr\u00fcsse<br \/>\nHeide &amp; Erich<\/p>\n","protected":false},"excerpt":{"rendered":"<p>Donnerstag, 17.03.2016, Heidelberg Crewtreffen Hallo Freunde, vielen Dank, dass Ihr die teilweise sehr weite Reise auf Euch genommen habt und zu uns zum Crewtreffen nach Heidelberg gekommen seid. Wir glauben, es war f\u00fcr alle ein Gewinn und erh\u00f6ht die Aussicht &hellip; <a href=\"https:\/\/www.freydis.de\/wordpress\/seekrankheit\/\">Weiterlesen <span class=\"meta-nav\">&rarr;<\/span><\/a><\/p>\n","protected":false},"author":2,"featured_media":0,"comment_status":"open","ping_status":"closed","sticky":false,"template":"","format":"standard","meta":{"_jetpack_memberships_contains_paid_content":false,"footnotes":""},"categories":[46,11,59,41],"tags":[43,58,27],"class_list":["post-2458","post","type-post","status-publish","format-standard","hentry","category-46","category-alaska","category-seekrank","category-torns","tag-alaska","tag-seekrank","tag-toernplan"],"jetpack_featured_media_url":"","jetpack_sharing_enabled":true,"_links":{"self":[{"href":"https:\/\/www.freydis.de\/wordpress\/wp-json\/wp\/v2\/posts\/2458","targetHints":{"allow":["GET"]}}],"collection":[{"href":"https:\/\/www.freydis.de\/wordpress\/wp-json\/wp\/v2\/posts"}],"about":[{"href":"https:\/\/www.freydis.de\/wordpress\/wp-json\/wp\/v2\/types\/post"}],"author":[{"embeddable":true,"href":"https:\/\/www.freydis.de\/wordpress\/wp-json\/wp\/v2\/users\/2"}],"replies":[{"embeddable":true,"href":"https:\/\/www.freydis.de\/wordpress\/wp-json\/wp\/v2\/comments?post=2458"}],"version-history":[{"count":2,"href":"https:\/\/www.freydis.de\/wordpress\/wp-json\/wp\/v2\/posts\/2458\/revisions"}],"predecessor-version":[{"id":2638,"href":"https:\/\/www.freydis.de\/wordpress\/wp-json\/wp\/v2\/posts\/2458\/revisions\/2638"}],"wp:attachment":[{"href":"https:\/\/www.freydis.de\/wordpress\/wp-json\/wp\/v2\/media?parent=2458"}],"wp:term":[{"taxonomy":"category","embeddable":true,"href":"https:\/\/www.freydis.de\/wordpress\/wp-json\/wp\/v2\/categories?post=2458"},{"taxonomy":"post_tag","embeddable":true,"href":"https:\/\/www.freydis.de\/wordpress\/wp-json\/wp\/v2\/tags?post=2458"}],"curies":[{"name":"wp","href":"https:\/\/api.w.org\/{rel}","templated":true}]}}