{"id":3174,"date":"2016-09-03T02:29:02","date_gmt":"2016-09-03T01:29:02","guid":{"rendered":"https:\/\/www.freydis.de\/wordpress\/?p=3174"},"modified":"2016-09-03T20:03:50","modified_gmt":"2016-09-03T19:03:50","slug":"nachlese-und-ende","status":"publish","type":"post","link":"https:\/\/www.freydis.de\/wordpress\/nachlese-und-ende\/","title":{"rendered":"Nachlese und Ende"},"content":{"rendered":"<p>Hallo Freunde,<\/p>\n<p>Auf unsere letzten Blog-Beitr\u00e4ge und -Bilder haben wir viele Zuschriften bekommen, f\u00fcr die wir uns herzlich bedanken. Wir werden sie alle beantworten, aber es wird noch ein paar Tage dauern.<\/p>\n<p>Gestern meldeten sich unsere Freunde Andrea und Horst aus Freiburg. Das sch\u00f6ne Bild, das sie unter der \u00dcberschrift \u201eB\u00c4RENLIEBE\u201c beif\u00fcgten, wollen wir Euch nicht vorenthalten:<\/p>\n<div id=\"attachment_3177\" style=\"width: 310px\" class=\"wp-caption aligncenter\"><a href=\"https:\/\/www.freydis.de\/wordpress\/wp-content\/uploads\/2016\/09\/d26805a1a6bb34b200e115ce81aac5fa.jpg\"><img loading=\"lazy\" decoding=\"async\" aria-describedby=\"caption-attachment-3177\" class=\"wp-image-3177 size-medium\" src=\"https:\/\/www.freydis.de\/wordpress\/wp-content\/uploads\/2016\/09\/d26805a1a6bb34b200e115ce81aac5fa-300x288.jpg\" alt=\"B\u00e4renliebe\" width=\"300\" height=\"288\" srcset=\"https:\/\/www.freydis.de\/wordpress\/wp-content\/uploads\/2016\/09\/d26805a1a6bb34b200e115ce81aac5fa-300x288.jpg 300w, https:\/\/www.freydis.de\/wordpress\/wp-content\/uploads\/2016\/09\/d26805a1a6bb34b200e115ce81aac5fa.jpg 500w\" sizes=\"auto, (max-width: 300px) 100vw, 300px\" \/><\/a><p id=\"caption-attachment-3177\" class=\"wp-caption-text\">B\u00e4renliebe<\/p><\/div>\n<p>Aus S\u00fcdbaden melden die beiden Temperaturen von 38\u00b0C. Auch hier in Kodiak schl\u00e4gt das Wetter seit einer Woche alle Rekorde: Mittags \u00fcber 30\u00b0C im Cockpit und strahlender Sonnenschein.<\/p>\n<p><!--more--><\/p>\n<p>Eigentlich wollten wir hier im Golf von Alaska Ausschau halten nach einer Sommerresidenz, um unsere n\u00e4chsten 25 Lebensjahre in gem\u00e4\u00dfigten Breiten zu verbringen. Denn allem Anschein nach breitet sich die Sahara durch den Klimawandel nach Mitteleuropa aus.<\/p>\n<p>Da sich das Klima weltweit offensichtlich noch schneller erw\u00e4rmt, als die Experten voraussagen, wollen wir unseren Sommersitz vorsorglich noch weiter nach Norden verlegen. N\u00e4chstes Jahr segeln wir nach Point Barrow, im Norden von Alaska, und durch die Nordwestpassage und schauen uns dort nach einem Sommersitz um.<\/p>\n<p>Auf Kodiak haben wir das sch\u00f6ne Wetter der letzten Tage ausgenutzt, um das Unterwasserschiff der \u201eFreydis\u201c zu s\u00e4ubern, zu schleifen und mit drei Schichten Farbe zu versehen.<\/p>\n<p>Skipper und Werftfaktotum Norbert bei der Arbeit:<\/p>\n<p><a href=\"https:\/\/www.freydis.de\/wordpress\/wp-content\/uploads\/2016\/09\/IMG_8033_Kopie-e1472928068207.jpg\"><img loading=\"lazy\" decoding=\"async\" class=\"aligncenter size-large wp-image-3181\" src=\"https:\/\/www.freydis.de\/wordpress\/wp-content\/uploads\/2016\/09\/IMG_8033_Kopie-1024x683.jpg\" alt=\"IMG_8033_Kopie\" width=\"640\" height=\"427\" \/><\/a><a href=\"https:\/\/www.freydis.de\/wordpress\/wp-content\/uploads\/2016\/09\/IMG_8048_Kopie-e1472928050331.jpg\"><img loading=\"lazy\" decoding=\"async\" class=\"aligncenter size-large wp-image-3182\" src=\"https:\/\/www.freydis.de\/wordpress\/wp-content\/uploads\/2016\/09\/IMG_8048_Kopie-1024x683.jpg\" alt=\"IMG_8048_Kopie\" width=\"640\" height=\"427\" \/><\/a> <a href=\"https:\/\/www.freydis.de\/wordpress\/wp-content\/uploads\/2016\/09\/IMG_8074_Kopie-e1472927962754.jpg\"><img loading=\"lazy\" decoding=\"async\" class=\"aligncenter size-large wp-image-3183\" src=\"https:\/\/www.freydis.de\/wordpress\/wp-content\/uploads\/2016\/09\/IMG_8074_Kopie-1024x683.jpg\" alt=\"IMG_8074_Kopie\" width=\"640\" height=\"427\" \/><\/a><\/p>\n<p>Aufslippen vor einer Woche:<\/p>\n<p><a href=\"https:\/\/www.freydis.de\/wordpress\/wp-content\/uploads\/2016\/09\/IMG_0062_Kopie-e1472928074964.jpg\"><img loading=\"lazy\" decoding=\"async\" class=\"aligncenter size-large wp-image-3178\" src=\"https:\/\/www.freydis.de\/wordpress\/wp-content\/uploads\/2016\/09\/IMG_0062_Kopie-1024x768.jpg\" alt=\"IMG_0062_Kopie\" width=\"640\" height=\"480\" \/><\/a><\/p>\n<p><a href=\"https:\/\/www.freydis.de\/wordpress\/wp-content\/uploads\/2016\/09\/IMG_0069_Kopie-e1472928071428.jpg\"><img loading=\"lazy\" decoding=\"async\" class=\"aligncenter size-large wp-image-3179\" src=\"https:\/\/www.freydis.de\/wordpress\/wp-content\/uploads\/2016\/09\/IMG_0069_Kopie-1024x768.jpg\" alt=\"IMG_0069_Kopie\" width=\"640\" height=\"480\" \/><\/a><\/p>\n<div id=\"attachment_3180\" style=\"width: 650px\" class=\"wp-caption aligncenter\"><a href=\"https:\/\/www.freydis.de\/wordpress\/wp-content\/uploads\/2016\/09\/IMG_0083_Kopie-e1472928070589.jpg\"><img loading=\"lazy\" decoding=\"async\" aria-describedby=\"caption-attachment-3180\" class=\"wp-image-3180 size-large\" src=\"https:\/\/www.freydis.de\/wordpress\/wp-content\/uploads\/2016\/09\/IMG_0083_Kopie-1024x768.jpg\" alt=\"IMG_0083_Kopie\" width=\"640\" height=\"480\" \/><\/a><p id=\"caption-attachment-3180\" class=\"wp-caption-text\">Unsere Helfer beim Aufslippen: Leonie aus Fairbanks (Mitseglerin in der S\u00fcdsee), neben ihr Wolfgang aus San Francisco, ihr Freund und angehender Weltumsegler, sowie Hans-Ulrich, Radiologe i.R. aus Kodiak (links im Bild)<\/p><\/div>\n<hr \/>\n<p>ZU\u00a0GUTER LETZT:<\/p>\n<p>Sehr unterschiedliche Kommentare zu den Blogbeitr\u00e4gen lest Ihr unter:<\/p>\n<ul>\n<li>zum <a href=\"https:\/\/www.freydis.de\/wordpress\/eis\/\">&#8222;EIS UND KLIMAWANDEL&#8220;<\/a><\/li>\n<li>zur <a href=\"https:\/\/www.freydis.de\/wordpress\/missgeschick-zuschriften\/\">&#8222;NACHLESE&#8220;<\/a>\u00a0&#8222;\u2026ein bi\u00dfchen Kochen kann jeder\u2026&#8220;<\/li>\n<\/ul>\n<p>Das war die Segelsaison 2016.<\/p>\n<p><strong>Wie es weiter geht in 2017?<\/strong><\/p>\n<p>Das berichten wir im <a href=\"https:\/\/www.freydis.de\/wordpress\/freydis-2017-nordwestpassage\/\">n\u00e4chsten Blogbeitrag<\/a>.<\/p>\n<p>Herzliche Gr\u00fcsse<br \/>\nHeide &amp; Erich<\/p>\n","protected":false},"excerpt":{"rendered":"<p>Hallo Freunde, Auf unsere letzten Blog-Beitr\u00e4ge und -Bilder haben wir viele Zuschriften bekommen, f\u00fcr die wir uns herzlich bedanken. Wir werden sie alle beantworten, aber es wird noch ein paar Tage dauern. Gestern meldeten sich unsere Freunde Andrea und Horst &hellip; <a href=\"https:\/\/www.freydis.de\/wordpress\/nachlese-und-ende\/\">Weiterlesen <span class=\"meta-nav\">&rarr;<\/span><\/a><\/p>\n","protected":false},"author":3,"featured_media":0,"comment_status":"open","ping_status":"open","sticky":false,"template":"","format":"standard","meta":{"_jetpack_memberships_contains_paid_content":false,"footnotes":""},"categories":[46,11,1],"tags":[],"class_list":["post-3174","post","type-post","status-publish","format-standard","hentry","category-46","category-alaska","category-allgemein"],"jetpack_featured_media_url":"","jetpack_sharing_enabled":true,"_links":{"self":[{"href":"https:\/\/www.freydis.de\/wordpress\/wp-json\/wp\/v2\/posts\/3174","targetHints":{"allow":["GET"]}}],"collection":[{"href":"https:\/\/www.freydis.de\/wordpress\/wp-json\/wp\/v2\/posts"}],"about":[{"href":"https:\/\/www.freydis.de\/wordpress\/wp-json\/wp\/v2\/types\/post"}],"author":[{"embeddable":true,"href":"https:\/\/www.freydis.de\/wordpress\/wp-json\/wp\/v2\/users\/3"}],"replies":[{"embeddable":true,"href":"https:\/\/www.freydis.de\/wordpress\/wp-json\/wp\/v2\/comments?post=3174"}],"version-history":[{"count":6,"href":"https:\/\/www.freydis.de\/wordpress\/wp-json\/wp\/v2\/posts\/3174\/revisions"}],"predecessor-version":[{"id":3197,"href":"https:\/\/www.freydis.de\/wordpress\/wp-json\/wp\/v2\/posts\/3174\/revisions\/3197"}],"wp:attachment":[{"href":"https:\/\/www.freydis.de\/wordpress\/wp-json\/wp\/v2\/media?parent=3174"}],"wp:term":[{"taxonomy":"category","embeddable":true,"href":"https:\/\/www.freydis.de\/wordpress\/wp-json\/wp\/v2\/categories?post=3174"},{"taxonomy":"post_tag","embeddable":true,"href":"https:\/\/www.freydis.de\/wordpress\/wp-json\/wp\/v2\/tags?post=3174"}],"curies":[{"name":"wp","href":"https:\/\/api.w.org\/{rel}","templated":true}]}}