{"id":3479,"date":"2016-11-14T17:47:30","date_gmt":"2016-11-14T16:47:30","guid":{"rendered":"https:\/\/www.freydis.de\/wordpress\/?p=3479"},"modified":"2016-11-14T17:51:05","modified_gmt":"2016-11-14T16:51:05","slug":"vortraege-in-cuxhaven-und-duesseldorf","status":"publish","type":"post","link":"https:\/\/www.freydis.de\/wordpress\/vortraege-in-cuxhaven-und-duesseldorf\/","title":{"rendered":"Vortr\u00e4ge in Cuxhaven und D\u00fcsseldorf"},"content":{"rendered":"<p>Hallo Freunde,<\/p>\n<p>am kommenden Wochenende findet in Cuxhaven von Freitag, dem 18. bis Sonntag, dem 20. November das &#8222;Trans-Ocean-Treffen 2016&#8220; der deutschen und europ\u00e4ischen Hochseesegler statt.<\/p>\n<p>Wir haben die Ehre und das Vergn\u00fcgen, einen Lichtbildervortrag zu halten:<\/p>\n<div class=\"su-note\"  style=\"border-color:#0e57ab;border-radius:3px;-moz-border-radius:3px;-webkit-border-radius:3px;\"><div class=\"su-note-inner su-u-clearfix su-u-trim\" style=\"background-color:#2871c5;border-color:#f4ffff;color:#eee;border-radius:3px;-moz-border-radius:3px;-webkit-border-radius:3px;\">Thema: K.O. &#8211; und nochmal gepackt! &#8211; Mit der neuen FREYDIS nach Japan und Alaska<br \/>\nOrt: Segler-Messe der SVC, Am Yachthafen 1, 27472 Cuxhaven<br \/>\nBeginn: 9:30 Uhr am Sonntag, dem 20. November 2016<\/div><\/div>\n<p><a href=\"https:\/\/www.freydis.de\/wordpress\/wp-content\/uploads\/2016\/11\/ko-votrag-titel.jpg\"><img loading=\"lazy\" decoding=\"async\" class=\"aligncenter size-large wp-image-3486\" src=\"https:\/\/www.freydis.de\/wordpress\/wp-content\/uploads\/2016\/11\/ko-votrag-titel-1024x683.jpg\" alt=\"ko-votrag-titel\" width=\"640\" height=\"427\" srcset=\"https:\/\/www.freydis.de\/wordpress\/wp-content\/uploads\/2016\/11\/ko-votrag-titel-1024x683.jpg 1024w, https:\/\/www.freydis.de\/wordpress\/wp-content\/uploads\/2016\/11\/ko-votrag-titel-300x200.jpg 300w, https:\/\/www.freydis.de\/wordpress\/wp-content\/uploads\/2016\/11\/ko-votrag-titel-768x512.jpg 768w\" sizes=\"auto, (max-width: 640px) 100vw, 640px\" \/><\/a><!--more--><\/p>\n<p>Auch Nichtmitglieder von Trans-Ocean (TO) sind willkommen, aber sie m\u00f6gen sich bitte vorher bei der Gesch\u00e4ftsstelle von TO anmelden unter 04721-51800. Eintritt frei!<\/p>\n<p>Hinweisen m\u00f6chten wir schon jetzt darauf, dass wir auf der kommenden &#8222;boot&#8220; in D\u00fcsseldorf auf dem Stand der &#8222;YACHT&#8220; Vortr\u00e4ge halten:<\/p>\n<div class=\"su-note\"  style=\"border-color:#0e57ab;border-radius:3px;-moz-border-radius:3px;-webkit-border-radius:3px;\"><div class=\"su-note-inner su-u-clearfix su-u-trim\" style=\"background-color:#2871c5;border-color:#f4ffff;color:#eee;border-radius:3px;-moz-border-radius:3px;-webkit-border-radius:3px;\">Thema: Boot f\u00fcr die Welt &#8211; Tops und Flops der neuen FREYDIS &#8211; Bilanz nach 30.000 Meilen<br \/>\nBeginn: An beiden Wochenenden, am Samstag und Sonntag, 21.\/22. Januar und 28.\/29.Januar 2017, jeweils um 14:00 Uhr<\/div><\/div>\n<p><a href=\"https:\/\/www.freydis.de\/wordpress\/wp-content\/uploads\/2016\/11\/boot-votrag-titel.jpg\"><img loading=\"lazy\" decoding=\"async\" class=\"aligncenter size-large wp-image-3485\" src=\"https:\/\/www.freydis.de\/wordpress\/wp-content\/uploads\/2016\/11\/boot-votrag-titel-1024x683.jpg\" alt=\"boot-votrag-titel\" width=\"640\" height=\"427\" srcset=\"https:\/\/www.freydis.de\/wordpress\/wp-content\/uploads\/2016\/11\/boot-votrag-titel-1024x683.jpg 1024w, https:\/\/www.freydis.de\/wordpress\/wp-content\/uploads\/2016\/11\/boot-votrag-titel-300x200.jpg 300w, https:\/\/www.freydis.de\/wordpress\/wp-content\/uploads\/2016\/11\/boot-votrag-titel-768x512.jpg 768w\" sizes=\"auto, (max-width: 640px) 100vw, 640px\" \/><\/a><\/p>\n<p>Nach dem Vortrag stehen wir noch bis 16:00 Uhr auf dem Stand der YACHT f\u00fcr pers\u00f6nliche Gespr\u00e4che zur Verf\u00fcgung<\/p>\n<p>Wir freuen uns auf ein Wiedersehen<\/p>\n<p>Herzliche Gr\u00fc\u00dfe<br \/>\nHeide &amp; Erich<\/p>\n","protected":false},"excerpt":{"rendered":"<p>Hallo Freunde, am kommenden Wochenende findet in Cuxhaven von Freitag, dem 18. bis Sonntag, dem 20. November das &#8222;Trans-Ocean-Treffen 2016&#8220; der deutschen und europ\u00e4ischen Hochseesegler statt. Wir haben die Ehre und das Vergn\u00fcgen, einen Lichtbildervortrag zu halten:<\/p>\n","protected":false},"author":3,"featured_media":0,"comment_status":"open","ping_status":"open","sticky":false,"template":"","format":"standard","meta":{"_jetpack_memberships_contains_paid_content":false,"footnotes":""},"categories":[1],"tags":[],"class_list":["post-3479","post","type-post","status-publish","format-standard","hentry","category-allgemein"],"jetpack_featured_media_url":"","jetpack_sharing_enabled":true,"_links":{"self":[{"href":"https:\/\/www.freydis.de\/wordpress\/wp-json\/wp\/v2\/posts\/3479","targetHints":{"allow":["GET"]}}],"collection":[{"href":"https:\/\/www.freydis.de\/wordpress\/wp-json\/wp\/v2\/posts"}],"about":[{"href":"https:\/\/www.freydis.de\/wordpress\/wp-json\/wp\/v2\/types\/post"}],"author":[{"embeddable":true,"href":"https:\/\/www.freydis.de\/wordpress\/wp-json\/wp\/v2\/users\/3"}],"replies":[{"embeddable":true,"href":"https:\/\/www.freydis.de\/wordpress\/wp-json\/wp\/v2\/comments?post=3479"}],"version-history":[{"count":10,"href":"https:\/\/www.freydis.de\/wordpress\/wp-json\/wp\/v2\/posts\/3479\/revisions"}],"predecessor-version":[{"id":3491,"href":"https:\/\/www.freydis.de\/wordpress\/wp-json\/wp\/v2\/posts\/3479\/revisions\/3491"}],"wp:attachment":[{"href":"https:\/\/www.freydis.de\/wordpress\/wp-json\/wp\/v2\/media?parent=3479"}],"wp:term":[{"taxonomy":"category","embeddable":true,"href":"https:\/\/www.freydis.de\/wordpress\/wp-json\/wp\/v2\/categories?post=3479"},{"taxonomy":"post_tag","embeddable":true,"href":"https:\/\/www.freydis.de\/wordpress\/wp-json\/wp\/v2\/tags?post=3479"}],"curies":[{"name":"wp","href":"https:\/\/api.w.org\/{rel}","templated":true}]}}