{"id":4506,"date":"2017-08-19T08:23:03","date_gmt":"2017-08-19T07:23:03","guid":{"rendered":"https:\/\/www.freydis.de\/wordpress\/?p=4506"},"modified":"2017-08-19T08:23:03","modified_gmt":"2017-08-19T07:23:03","slug":"fort-ross-gipfel-der-nordwestpassage","status":"publish","type":"post","link":"https:\/\/www.freydis.de\/wordpress\/fort-ross-gipfel-der-nordwestpassage\/","title":{"rendered":"Fort Ross \u2014 Gipfel der Nordwestpassage"},"content":{"rendered":"<p>Donnerstag, der 17. Aug. 2017, unser 34. Tag seit Nome. Auf dem Weg durch die Nordwestpassage liegen seit Kodiak ca. 3.900 Seemeilen hinter uns.<\/p>\n<p><strong>Fort Ross 72\u00b000N 94\u00b014&#8217;W<\/strong><\/p>\n<p>03:15 Uhr. Der Anker f\u00e4llt am Fu\u00df der beiden H\u00fctten, die von der ehemaligen &#8222;Hudson&#8217;s Bay Company trading post&#8220; \u00fcbrig geblieben sind.<\/p>\n<p>Wir haben den schwierigsten Teil der Nordwestpassage nun hinter uns. Thilo&#8217;s Kommentar: &#8222;Sie hat sich mannhaft gewehrt, war ein starker und w\u00fcrdiger Gegner.&#8220;<\/p>\n<p>Die letzten Tage im und durchs Packeis waren an Spannung kaum zu \u00fcberbieten. Das viele Hoffen und Bangen und zwei prek\u00e4re R\u00fcckschl\u00e4ge m\u00fcssen wir nun erst einmal verkraften.<\/p>\n<p>Gestern passierten uns f\u00fcnf Yachten auf Gegenkurs von Ost nach West, zwei franz\u00f6sische, eine deutsche, eine gr\u00f6nl\u00e4ndische und eine russische, alle waren von Fort Ross aufgebrochen. Das Packeis in der Franklin- und der James Ross Strait, das uns so viele M\u00fchen gekostet hat, liegt noch vor ihnen und die lange Strecke \u00fcber Cambridge Bay, Point Barrow und Nome nach Kodiak.<\/p>\n<p>Die <em>Freydis<\/em> ist in diesem Jahr trotz zahlreicher Aufenthalte die erste Yacht in Fort Ross auf dem Kurs von West nach Ost.<\/p>\n<p>Wir sind also nun auf dem Gipfel und in Feierlaune. Aber der Abstieg beginnt. Rund tausend Meilen sind es noch bis Ilulissat, unserem ersten gr\u00f6nl\u00e4ndischen Hafen.<\/p>\n<p>Herzliche Gr\u00fc\u00dfe von allen an Bord:<\/p>\n<p>Folkmar, Thilo, Lore, Heinz, Moritz, Norbert,<br \/>\nHeide und Erich<\/p>\n","protected":false},"excerpt":{"rendered":"<p>Donnerstag, der 17. Aug. 2017, unser 34. Tag seit Nome. Auf dem Weg durch die Nordwestpassage liegen seit Kodiak ca. 3.900 Seemeilen hinter uns. Fort Ross 72\u00b000N 94\u00b014&#8217;W 03:15 Uhr. Der Anker f\u00e4llt am Fu\u00df der beiden H\u00fctten, die von &hellip; <a href=\"https:\/\/www.freydis.de\/wordpress\/fort-ross-gipfel-der-nordwestpassage\/\">Weiterlesen <span class=\"meta-nav\">&rarr;<\/span><\/a><\/p>\n","protected":false},"author":3,"featured_media":0,"comment_status":"open","ping_status":"open","sticky":false,"template":"","format":"standard","meta":{"_jetpack_memberships_contains_paid_content":false,"footnotes":""},"categories":[60,1,21,61],"tags":[],"class_list":["post-4506","post","type-post","status-publish","format-standard","hentry","category-60","category-allgemein","category-canada","category-nordwestpassage"],"jetpack_featured_media_url":"","jetpack_sharing_enabled":true,"_links":{"self":[{"href":"https:\/\/www.freydis.de\/wordpress\/wp-json\/wp\/v2\/posts\/4506","targetHints":{"allow":["GET"]}}],"collection":[{"href":"https:\/\/www.freydis.de\/wordpress\/wp-json\/wp\/v2\/posts"}],"about":[{"href":"https:\/\/www.freydis.de\/wordpress\/wp-json\/wp\/v2\/types\/post"}],"author":[{"embeddable":true,"href":"https:\/\/www.freydis.de\/wordpress\/wp-json\/wp\/v2\/users\/3"}],"replies":[{"embeddable":true,"href":"https:\/\/www.freydis.de\/wordpress\/wp-json\/wp\/v2\/comments?post=4506"}],"version-history":[{"count":4,"href":"https:\/\/www.freydis.de\/wordpress\/wp-json\/wp\/v2\/posts\/4506\/revisions"}],"predecessor-version":[{"id":4510,"href":"https:\/\/www.freydis.de\/wordpress\/wp-json\/wp\/v2\/posts\/4506\/revisions\/4510"}],"wp:attachment":[{"href":"https:\/\/www.freydis.de\/wordpress\/wp-json\/wp\/v2\/media?parent=4506"}],"wp:term":[{"taxonomy":"category","embeddable":true,"href":"https:\/\/www.freydis.de\/wordpress\/wp-json\/wp\/v2\/categories?post=4506"},{"taxonomy":"post_tag","embeddable":true,"href":"https:\/\/www.freydis.de\/wordpress\/wp-json\/wp\/v2\/tags?post=4506"}],"curies":[{"name":"wp","href":"https:\/\/api.w.org\/{rel}","templated":true}]}}