{"id":4528,"date":"2017-09-01T21:51:36","date_gmt":"2017-09-01T20:51:36","guid":{"rendered":"https:\/\/www.freydis.de\/wordpress\/?p=4528"},"modified":"2017-09-05T09:52:49","modified_gmt":"2017-09-05T08:52:49","slug":"nwp-zuschrift-von-thilo-von-coelln","status":"publish","type":"post","link":"https:\/\/www.freydis.de\/wordpress\/nwp-zuschrift-von-thilo-von-coelln\/","title":{"rendered":"NWP: Zuschrift von Thilo von C\u00f6lln (u.a.)"},"content":{"rendered":"<p>Liebe Heide, lieber Erich!<\/p>\n<p>Na, ist die neue Crew schon angekommen? Zun\u00e4chst will ich mich aber bei Euch beiden f\u00fcr die wunderbare Reise bedanken! Das war eine einzigartige Erfahrung! Diese Landschaft, diese \u00d6de, das Eis, die Eisberge, die Inuit&#8230; Und Ihr wart beide sooo Klasse! <!--more--><\/p>\n<p>Heide, mit welchem Einsatz Du uns verpflegt hast!!! Immer etwas Gutes auf dem Tisch, bei allen Wettern und auch wenn keiner mehr Lust hatte! Und: Du hast mit Deinem tollen Umgang und dem Willen zum ausgeglichenen Frieden ganz besonders zum Gelingen beigetragen! Da gab es ja wirklich genug Ecken und Kanten!! Ein ausgleichendes Wort, und Besonnenheit mit Augenma\u00df&#8230; das war wunderbar!<\/p>\n<p>Erich, da gab es ja so einige neue Erfahrungen, auch f\u00fcr Dich&#8230; wie geht man mit dem Eis um, mit der teilweise rebellierenden Crew, mit den unterschiedlichen Berichten \u00fcber Wetter und Eis, mit der Unruhe (Angst\/Sorge) in der Crew, dauernd neue unbekannte Lagen einzusch\u00e4tzen&#8230;<\/p>\n<p>Ihr habt beide sehr Gro\u00dfes geleistet!<\/p>\n<p>Ich bin sehr froh und stolz, dass ich dabei sein konnte und durfte!<\/p>\n<p>Nun hoffe ich, dass die letzte Crew gut wird, und vor Allem: dass Ihr einen guten Liegeplatz findet! Gibt es da schon neue Nachrichten? [&#8230;]\n<p>Viele Gr\u00fc\u00dfe<br \/>\nThilo von C\u00f6lln<\/p>\n","protected":false},"excerpt":{"rendered":"<p>Liebe Heide, lieber Erich! Na, ist die neue Crew schon angekommen? Zun\u00e4chst will ich mich aber bei Euch beiden f\u00fcr die wunderbare Reise bedanken! Das war eine einzigartige Erfahrung! Diese Landschaft, diese \u00d6de, das Eis, die Eisberge, die Inuit&#8230; Und &hellip; <a href=\"https:\/\/www.freydis.de\/wordpress\/nwp-zuschrift-von-thilo-von-coelln\/\">Weiterlesen <span class=\"meta-nav\">&rarr;<\/span><\/a><\/p>\n","protected":false},"author":3,"featured_media":0,"comment_status":"open","ping_status":"open","sticky":false,"template":"","format":"standard","meta":{"_jetpack_memberships_contains_paid_content":false,"footnotes":""},"categories":[60,1,61],"tags":[],"class_list":["post-4528","post","type-post","status-publish","format-standard","hentry","category-60","category-allgemein","category-nordwestpassage"],"jetpack_featured_media_url":"","jetpack_sharing_enabled":true,"_links":{"self":[{"href":"https:\/\/www.freydis.de\/wordpress\/wp-json\/wp\/v2\/posts\/4528","targetHints":{"allow":["GET"]}}],"collection":[{"href":"https:\/\/www.freydis.de\/wordpress\/wp-json\/wp\/v2\/posts"}],"about":[{"href":"https:\/\/www.freydis.de\/wordpress\/wp-json\/wp\/v2\/types\/post"}],"author":[{"embeddable":true,"href":"https:\/\/www.freydis.de\/wordpress\/wp-json\/wp\/v2\/users\/3"}],"replies":[{"embeddable":true,"href":"https:\/\/www.freydis.de\/wordpress\/wp-json\/wp\/v2\/comments?post=4528"}],"version-history":[{"count":7,"href":"https:\/\/www.freydis.de\/wordpress\/wp-json\/wp\/v2\/posts\/4528\/revisions"}],"predecessor-version":[{"id":4537,"href":"https:\/\/www.freydis.de\/wordpress\/wp-json\/wp\/v2\/posts\/4528\/revisions\/4537"}],"wp:attachment":[{"href":"https:\/\/www.freydis.de\/wordpress\/wp-json\/wp\/v2\/media?parent=4528"}],"wp:term":[{"taxonomy":"category","embeddable":true,"href":"https:\/\/www.freydis.de\/wordpress\/wp-json\/wp\/v2\/categories?post=4528"},{"taxonomy":"post_tag","embeddable":true,"href":"https:\/\/www.freydis.de\/wordpress\/wp-json\/wp\/v2\/tags?post=4528"}],"curies":[{"name":"wp","href":"https:\/\/api.w.org\/{rel}","templated":true}]}}