{"id":4542,"date":"2017-09-09T10:28:34","date_gmt":"2017-09-09T09:28:34","guid":{"rendered":"https:\/\/www.freydis.de\/wordpress\/?p=4542"},"modified":"2017-09-09T10:30:38","modified_gmt":"2017-09-09T09:30:38","slug":"slipplatzsuche-und-herbststuerme","status":"publish","type":"post","link":"https:\/\/www.freydis.de\/wordpress\/slipplatzsuche-und-herbststuerme\/","title":{"rendered":"Slipplatzsuche und Herbstst\u00fcrme"},"content":{"rendered":"<p><em>Qeqertarsuaq (Godhavn), an der S\u00fcdspitze der Disko-Insel, den 7. September 2017<\/em><\/p>\n<p>Hallo Freunde,<\/p>\n<p>noch immer haben wir keinen Liegeplatz f\u00fcr die <em>Freydis<\/em> im kommenden Winter. Wir waren aber bereits zweimal in Aasiaat, sind mit der Werft im Gespr\u00e4ch und hoffen auf eine Zusage, dass wir einen der begehrten Slippl\u00e4tze bekommen. Ein teures Vergn\u00fcgen &#8211; mit \u20ac 8 bis 10 tsd (!) f\u00fcr den Winter m\u00fcssen wir rechnen. Die Alternative w\u00e4re ein Liegeplatz im Wasser, kommt f\u00fcr uns jedoch nicht infrage. Das Risiko ist uns einfach zu gro\u00df, dass unser Boot Schaden nimmt durch St\u00fcrme und Eis.<\/p>\n<p>Die n\u00e4chsten zwei Wochen bleiben wir im Bereich der Disko-Bucht. Zum einen wegen der vielen attraktiven Ziele, die wir hier anlaufen k\u00f6nnen mit den vielen malerischen Fischerd\u00f6rfer, dem Gletscher Eqip Sermia (100 Meter hohe Abbruchkante!), der Siedlung Ataa im gleichnamigen Fjord (in ihm wurde der Film &#8222;Fr\u00e4ulein Smillas Gesp\u00fcr f\u00fcr Schnee&#8220; gedreht); zum anderen haben in der Davisstra\u00dfe und Baffin Bucht jetzt schon die Herbstst\u00fcrme eingesetzt. F\u00fcr die n\u00e4chsten Tage (Samstag und Sonntag ) ist wieder Orkan angesagt mit Kerndruck 974 mb. Die Gew\u00e4sser rund um die Disko-Insel bieten da einen guten Schutz. Auf der beigef\u00fcgten Windkarte sieht man deutlich, wie die Disko-Bucht &#8211; mehr oder weniger &#8211; ausgespart ist.<\/p>\n<div id=\"attachment_4543\" style=\"width: 822px\" class=\"wp-caption aligncenter\"><a href=\"https:\/\/www.freydis.de\/wordpress\/wp-content\/uploads\/2017\/09\/windkarte_disko-bay.png\"><img loading=\"lazy\" decoding=\"async\" aria-describedby=\"caption-attachment-4543\" class=\"size-full wp-image-4543\" src=\"https:\/\/www.freydis.de\/wordpress\/wp-content\/uploads\/2017\/09\/windkarte_disko-bay.png\" alt=\"Windkarte Disko-Bucht\" width=\"812\" height=\"1000\" srcset=\"https:\/\/www.freydis.de\/wordpress\/wp-content\/uploads\/2017\/09\/windkarte_disko-bay.png 812w, https:\/\/www.freydis.de\/wordpress\/wp-content\/uploads\/2017\/09\/windkarte_disko-bay-244x300.png 244w, https:\/\/www.freydis.de\/wordpress\/wp-content\/uploads\/2017\/09\/windkarte_disko-bay-768x946.png 768w\" sizes=\"auto, (max-width: 812px) 100vw, 812px\" \/><\/a><p id=\"caption-attachment-4543\" class=\"wp-caption-text\">Windkarte: Disko-Bucht vom Orkan ausgespart<\/p><\/div>\n<p>&nbsp;<\/p>\n<p>Am 20. September beenden wir den letzten Segel-Abschnitt des Jahres. Unsere Mitsegler treten die Heimreise an w\u00e4hrend wir noch 10 Tage an Bord bleiben und die <em>Freydis<\/em> winterfest machen.<\/p>\n<p>Herzliche Gr\u00fc\u00dfe<br \/>\nHeide &amp; Erich<\/p>\n","protected":false},"excerpt":{"rendered":"<p>Qeqertarsuaq (Godhavn), an der S\u00fcdspitze der Disko-Insel, den 7. September 2017 Hallo Freunde, noch immer haben wir keinen Liegeplatz f\u00fcr die Freydis im kommenden Winter. Wir waren aber bereits zweimal in Aasiaat, sind mit der Werft im Gespr\u00e4ch und hoffen &hellip; <a href=\"https:\/\/www.freydis.de\/wordpress\/slipplatzsuche-und-herbststuerme\/\">Weiterlesen <span class=\"meta-nav\">&rarr;<\/span><\/a><\/p>\n","protected":false},"author":3,"featured_media":0,"comment_status":"open","ping_status":"open","sticky":false,"template":"","format":"standard","meta":{"_jetpack_memberships_contains_paid_content":false,"footnotes":""},"categories":[1],"tags":[],"class_list":["post-4542","post","type-post","status-publish","format-standard","hentry","category-allgemein"],"jetpack_featured_media_url":"","jetpack_sharing_enabled":true,"_links":{"self":[{"href":"https:\/\/www.freydis.de\/wordpress\/wp-json\/wp\/v2\/posts\/4542","targetHints":{"allow":["GET"]}}],"collection":[{"href":"https:\/\/www.freydis.de\/wordpress\/wp-json\/wp\/v2\/posts"}],"about":[{"href":"https:\/\/www.freydis.de\/wordpress\/wp-json\/wp\/v2\/types\/post"}],"author":[{"embeddable":true,"href":"https:\/\/www.freydis.de\/wordpress\/wp-json\/wp\/v2\/users\/3"}],"replies":[{"embeddable":true,"href":"https:\/\/www.freydis.de\/wordpress\/wp-json\/wp\/v2\/comments?post=4542"}],"version-history":[{"count":3,"href":"https:\/\/www.freydis.de\/wordpress\/wp-json\/wp\/v2\/posts\/4542\/revisions"}],"predecessor-version":[{"id":4546,"href":"https:\/\/www.freydis.de\/wordpress\/wp-json\/wp\/v2\/posts\/4542\/revisions\/4546"}],"wp:attachment":[{"href":"https:\/\/www.freydis.de\/wordpress\/wp-json\/wp\/v2\/media?parent=4542"}],"wp:term":[{"taxonomy":"category","embeddable":true,"href":"https:\/\/www.freydis.de\/wordpress\/wp-json\/wp\/v2\/categories?post=4542"},{"taxonomy":"post_tag","embeddable":true,"href":"https:\/\/www.freydis.de\/wordpress\/wp-json\/wp\/v2\/tags?post=4542"}],"curies":[{"name":"wp","href":"https:\/\/api.w.org\/{rel}","templated":true}]}}