{"id":4727,"date":"2017-10-30T12:17:03","date_gmt":"2017-10-30T11:17:03","guid":{"rendered":"https:\/\/www.freydis.de\/wordpress\/?p=4727"},"modified":"2017-11-02T14:12:06","modified_gmt":"2017-11-02T13:12:06","slug":"yacht-spezial-nordwestpassage","status":"publish","type":"post","link":"https:\/\/www.freydis.de\/wordpress\/yacht-spezial-nordwestpassage\/","title":{"rendered":"YACHT-Spezial: Nordwestpassage"},"content":{"rendered":"<p><a href=\"https:\/\/www.freydis.de\/wordpress\/wp-content\/uploads\/2017\/10\/blog-eins.jpg\"><img loading=\"lazy\" decoding=\"async\" class=\"alignleft size-large wp-image-4733\" src=\"https:\/\/www.freydis.de\/wordpress\/wp-content\/uploads\/2017\/10\/blog-eins-1024x683.jpg\" alt=\"\" width=\"640\" height=\"427\" srcset=\"https:\/\/www.freydis.de\/wordpress\/wp-content\/uploads\/2017\/10\/blog-eins-1024x683.jpg 1024w, https:\/\/www.freydis.de\/wordpress\/wp-content\/uploads\/2017\/10\/blog-eins-300x200.jpg 300w, https:\/\/www.freydis.de\/wordpress\/wp-content\/uploads\/2017\/10\/blog-eins-768x512.jpg 768w, https:\/\/www.freydis.de\/wordpress\/wp-content\/uploads\/2017\/10\/blog-eins.jpg 1500w\" sizes=\"auto, (max-width: 640px) 100vw, 640px\" \/><\/a><\/p>\n<p>Liebe Freunde,<\/p>\n<p>so schnell kommen wir doch nicht von dem Thema NWP los:<\/p>\n<p>Die YACHT bringt in Heft 23 ein gro\u00dfes <em>Spezial<\/em> \u00fcber die Nordwestpassage mit Beitr\u00e4gen von dem &#8222;verr\u00fcckten&#8220; Katamaransegler Yvan Bourgnon, dem Hamburger Jochen Winter, der in diesem Jahr durch die NWP von Ost nach West gesegelt ist und dem wir nachts an der kritischen Stelle der Passage bei den Tasmania Inseln begegnet sind, und mit einem Beitrag von Heide (&#8222;<em>Halleluja!<\/em> &#8211; wie die ozeanerprobte Heidelbergerin die spezielle Herausforderung im Eis erlebte&#8220;).<\/p>\n<p style=\"text-align: center;\"><a href=\"http:\/\/www.yacht.de\/magazin\/heft_info\/faszination-nordwestpassage\/a114289.html\" class=\"su-button su-button-style-default\" style=\"color:#FFFFFF;background-color:#2d84ef;border-color:#246ac0;border-radius:5px\" target=\"_self\"><span style=\"color:#FFFFFF;padding:6px 18px;font-size:14px;line-height:21px;border-color:#6ca9f4;border-radius:5px;text-shadow:none\"><i class=\"sui sui-globe\" style=\"font-size:14px;color:#FFFFFF\"><\/i> YACHT Vorank\u00fcndigung<\/span><\/a>\n<p>Das Heft ist ab Donnerstag, 2.11.2017 im Kiosk erh\u00e4ltlich.<!--more--><\/p>\n<p><a href=\"https:\/\/www.freydis.de\/wordpress\/wp-content\/uploads\/2017\/10\/blog-zwei.jpg\"><img loading=\"lazy\" decoding=\"async\" class=\"alignleft size-large wp-image-4732\" src=\"https:\/\/www.freydis.de\/wordpress\/wp-content\/uploads\/2017\/10\/blog-zwei-1024x683.jpg\" alt=\"\" width=\"640\" height=\"427\" srcset=\"https:\/\/www.freydis.de\/wordpress\/wp-content\/uploads\/2017\/10\/blog-zwei-1024x683.jpg 1024w, https:\/\/www.freydis.de\/wordpress\/wp-content\/uploads\/2017\/10\/blog-zwei-300x200.jpg 300w, https:\/\/www.freydis.de\/wordpress\/wp-content\/uploads\/2017\/10\/blog-zwei-768x512.jpg 768w, https:\/\/www.freydis.de\/wordpress\/wp-content\/uploads\/2017\/10\/blog-zwei.jpg 1500w\" sizes=\"auto, (max-width: 640px) 100vw, 640px\" \/><\/a><\/p>\n<p><strong>Vortr\u00e4ge Oktober\/November:<\/strong><\/p>\n<p>Die diesj\u00e4hrige Premiere im D\u00fcsseldorfer Yachtclub liegt hinter uns. Ein volles Haus, ein voller Erfolg. Wir bedanken uns beim Ausrichter, dem D\u00fcsseldorfer Yachtclub, und bei unseren Freunden Wolfgang Laermann und Jochen Terjung. Besonders gefreut hat uns, dass eine ganze Reihe von unseren Mitseglern gekommen ist.<\/p>\n<p>Last, not least: Zum Vortrag angereist waren auch Michael Matzerath und Jacob Dirksen, denen 2011\/2012 auf Ihrer Werft in D\u00fcren das schier Unm\u00f6gliche gelang, f\u00fcr uns in nur 9 Monaten aus einer ramponierten, 14 Jahre alten Alu-Schale ein neues Boot entstehen zu lassen, die <em>Freydis<\/em> (III).<\/p>\n<p><strong>Ge\u00e4nderte Vortrags-Termine<\/strong> in Salzburg und Kaprun\u00a0<strong>und neu in: M\u00fcnchen<\/strong> am 24., evtl. auch 25. November 2017. Einzelheiten unter:<\/p>\n<p style=\"text-align: center;\"><a href=\"https:\/\/www.freydis.de\/wordpress\/vortraege-in-deutschland-und-oesterreich\/\" class=\"su-button su-button-style-default\" style=\"color:#FFFFFF;background-color:#2d84ef;border-color:#246ac0;border-radius:5px\" target=\"_self\"><span style=\"color:#FFFFFF;padding:6px 18px;font-size:14px;line-height:21px;border-color:#6ca9f4;border-radius:5px;text-shadow:none\"><i class=\"sui sui-globe\" style=\"font-size:14px;color:#FFFFFF\"><\/i> Vortr\u00e4ge<\/span><\/a>\n<p><strong>T\u00f6rnplan 2018 &#8222;Gr\u00f6nland Spezial&#8220;<\/strong><br \/>\nLeichte Terminverschiebung bei T\u00f6rn IV von Julianehab \u00fcber Ostgr\u00f6nland nach Island:<\/p>\n<p style=\"text-align: center;\"><a href=\"https:\/\/www.freydis.de\/wordpress\/toernplaene\/toernplan-2018\/\" class=\"su-button su-button-style-default\" style=\"color:#FFFFFF;background-color:#ef332d;border-color:#c02924;border-radius:5px\" target=\"_self\"><span style=\"color:#FFFFFF;padding:6px 18px;font-size:14px;line-height:21px;border-color:#f4716c;border-radius:5px;text-shadow:none\"><i class=\"sui sui-globe\" style=\"font-size:14px;color:#FFFFFF\"><\/i> T\u00f6rnplan 2018<\/span><\/a>\n<p>Herzliche Gr\u00fc\u00dfe<br \/>\nHeide+Erich<\/p>\n","protected":false},"excerpt":{"rendered":"<p>Liebe Freunde, so schnell kommen wir doch nicht von dem Thema NWP los: Die YACHT bringt in Heft 23 ein gro\u00dfes Spezial \u00fcber die Nordwestpassage mit Beitr\u00e4gen von dem &#8222;verr\u00fcckten&#8220; Katamaransegler Yvan Bourgnon, dem Hamburger Jochen Winter, der in diesem &hellip; <a href=\"https:\/\/www.freydis.de\/wordpress\/yacht-spezial-nordwestpassage\/\">Weiterlesen <span class=\"meta-nav\">&rarr;<\/span><\/a><\/p>\n","protected":false},"author":3,"featured_media":0,"comment_status":"open","ping_status":"open","sticky":false,"template":"","format":"standard","meta":{"_jetpack_memberships_contains_paid_content":false,"footnotes":""},"categories":[1],"tags":[],"class_list":["post-4727","post","type-post","status-publish","format-standard","hentry","category-allgemein"],"jetpack_featured_media_url":"","jetpack_sharing_enabled":true,"_links":{"self":[{"href":"https:\/\/www.freydis.de\/wordpress\/wp-json\/wp\/v2\/posts\/4727","targetHints":{"allow":["GET"]}}],"collection":[{"href":"https:\/\/www.freydis.de\/wordpress\/wp-json\/wp\/v2\/posts"}],"about":[{"href":"https:\/\/www.freydis.de\/wordpress\/wp-json\/wp\/v2\/types\/post"}],"author":[{"embeddable":true,"href":"https:\/\/www.freydis.de\/wordpress\/wp-json\/wp\/v2\/users\/3"}],"replies":[{"embeddable":true,"href":"https:\/\/www.freydis.de\/wordpress\/wp-json\/wp\/v2\/comments?post=4727"}],"version-history":[{"count":11,"href":"https:\/\/www.freydis.de\/wordpress\/wp-json\/wp\/v2\/posts\/4727\/revisions"}],"predecessor-version":[{"id":4744,"href":"https:\/\/www.freydis.de\/wordpress\/wp-json\/wp\/v2\/posts\/4727\/revisions\/4744"}],"wp:attachment":[{"href":"https:\/\/www.freydis.de\/wordpress\/wp-json\/wp\/v2\/media?parent=4727"}],"wp:term":[{"taxonomy":"category","embeddable":true,"href":"https:\/\/www.freydis.de\/wordpress\/wp-json\/wp\/v2\/categories?post=4727"},{"taxonomy":"post_tag","embeddable":true,"href":"https:\/\/www.freydis.de\/wordpress\/wp-json\/wp\/v2\/tags?post=4727"}],"curies":[{"name":"wp","href":"https:\/\/api.w.org\/{rel}","templated":true}]}}