{"id":5134,"date":"2018-09-09T11:03:36","date_gmt":"2018-09-09T10:03:36","guid":{"rendered":"https:\/\/www.freydis.de\/wordpress\/?p=5134"},"modified":"2018-09-26T11:42:06","modified_gmt":"2018-09-26T10:42:06","slug":"drohnen-video-die-freydis-in-der-disko-bay-groenland","status":"publish","type":"post","link":"https:\/\/www.freydis.de\/wordpress\/drohnen-video-die-freydis-in-der-disko-bay-groenland\/","title":{"rendered":"Drohnen-Video: die Freydis in der Disko Bay, Gr\u00f6nland"},"content":{"rendered":"<p>Auf dem zweiten T\u00f6rn 2018 in der Disko Bay hat unser Mitsegler Valentin aus Wien die <span class=\"ship-name\">Freydis<\/span> mit einer Drohne vor der K\u00fcste Gr\u00f6nlands gefilmt. Die YACHT hat bereits <a href=\"https:\/\/www.yacht.de\/aktuell\/panorama\/video-tipp-die-freydis-im-eis\/a118365.html\" target=\"_blank\" rel=\"noopener\">dar\u00fcber berichtet<\/a>: <em>&#8222;Video-Tipp&#8220;<\/em>.<\/p>\n<p><iframe loading=\"lazy\" src=\"https:\/\/www.youtube-nocookie.com\/embed\/b9ti097yzQQ?rel=0&amp;showinfo=0\" width=\"640\" height=\"355\" frameborder=\"0\" allowfullscreen=\"allowfullscreen\"><\/iframe><\/p>\n","protected":false},"excerpt":{"rendered":"<p>Auf dem zweiten T\u00f6rn 2018 in der Disko Bay hat unser Mitsegler Valentin aus Wien die Freydis mit einer Drohne vor der K\u00fcste Gr\u00f6nlands gefilmt. Die YACHT hat bereits dar\u00fcber berichtet: &#8222;Video-Tipp&#8220;.<\/p>\n","protected":false},"author":3,"featured_media":0,"comment_status":"open","ping_status":"open","sticky":false,"template":"","format":"standard","meta":{"_jetpack_memberships_contains_paid_content":false,"footnotes":""},"categories":[65,1,66],"tags":[],"class_list":["post-5134","post","type-post","status-publish","format-standard","hentry","category-65","category-allgemein","category-groenland"],"jetpack_featured_media_url":"","jetpack_sharing_enabled":true,"_links":{"self":[{"href":"https:\/\/www.freydis.de\/wordpress\/wp-json\/wp\/v2\/posts\/5134","targetHints":{"allow":["GET"]}}],"collection":[{"href":"https:\/\/www.freydis.de\/wordpress\/wp-json\/wp\/v2\/posts"}],"about":[{"href":"https:\/\/www.freydis.de\/wordpress\/wp-json\/wp\/v2\/types\/post"}],"author":[{"embeddable":true,"href":"https:\/\/www.freydis.de\/wordpress\/wp-json\/wp\/v2\/users\/3"}],"replies":[{"embeddable":true,"href":"https:\/\/www.freydis.de\/wordpress\/wp-json\/wp\/v2\/comments?post=5134"}],"version-history":[{"count":8,"href":"https:\/\/www.freydis.de\/wordpress\/wp-json\/wp\/v2\/posts\/5134\/revisions"}],"predecessor-version":[{"id":5161,"href":"https:\/\/www.freydis.de\/wordpress\/wp-json\/wp\/v2\/posts\/5134\/revisions\/5161"}],"wp:attachment":[{"href":"https:\/\/www.freydis.de\/wordpress\/wp-json\/wp\/v2\/media?parent=5134"}],"wp:term":[{"taxonomy":"category","embeddable":true,"href":"https:\/\/www.freydis.de\/wordpress\/wp-json\/wp\/v2\/categories?post=5134"},{"taxonomy":"post_tag","embeddable":true,"href":"https:\/\/www.freydis.de\/wordpress\/wp-json\/wp\/v2\/tags?post=5134"}],"curies":[{"name":"wp","href":"https:\/\/api.w.org\/{rel}","templated":true}]}}