{"id":7265,"date":"2021-12-15T11:09:41","date_gmt":"2021-12-15T10:09:41","guid":{"rendered":"https:\/\/www.freydis.de\/wordpress\/?p=7265"},"modified":"2021-12-15T18:03:33","modified_gmt":"2021-12-15T17:03:33","slug":"betr-buecher-boot","status":"publish","type":"post","link":"https:\/\/www.freydis.de\/wordpress\/betr-buecher-boot\/","title":{"rendered":"Betr.: B\u00dcCHER + \u201eboot\u201c"},"content":{"rendered":"\n<p>Hallo Freunde,<\/p>\n\n\n\n<p>Wir waren wie jedes Jahr vor Weihnachten drei Wochen zum Wandern und Relaxen auf den Kanaren. Diesmal allerdings nicht auf unserer heftigen Vulkanausbr\u00fcchen ausgesetzten Lieblingsinsel La Palma, sondern im S\u00fcden von Gran Canaria.<\/p>\n\n\n\n<p>Am 19. Dezember kehren wir zur\u00fcck nach Heidelberg und werden als erstes die vorliegenden Buchbestellungen abwickeln. Das wird bis Weihnachten auch klappen.<\/p>\n\n\n\n<p>B\u00fccher f\u00fcr den Weihnachtstisch k\u00f6nnt Ihr jetzt noch bei uns direkt per E.-Mail bestellen oder aber \u00fcber unsere Homepage. https:\/\/www.freydis.de\/wordpress\/buecher\/<\/p>\n\n\n\n<figure class=\"wp-block-image size-full\"><a href=\"https:\/\/www.freydis.de\/wordpress\/wp-content\/uploads\/2021\/12\/STURM-Cover-Bd-I-3D.jpeg\"><img loading=\"lazy\" decoding=\"async\" width=\"450\" height=\"640\" src=\"https:\/\/www.freydis.de\/wordpress\/wp-content\/uploads\/2021\/12\/STURM-Cover-Bd-I-3D.jpeg\" alt=\"\" class=\"wp-image-7267\" srcset=\"https:\/\/www.freydis.de\/wordpress\/wp-content\/uploads\/2021\/12\/STURM-Cover-Bd-I-3D.jpeg 450w, https:\/\/www.freydis.de\/wordpress\/wp-content\/uploads\/2021\/12\/STURM-Cover-Bd-I-3D-211x300.jpeg 211w\" sizes=\"auto, (max-width: 450px) 100vw, 450px\" \/><\/a><\/figure>\n\n\n\n<figure class=\"wp-block-image size-full\"><a href=\"https:\/\/www.freydis.de\/wordpress\/wp-content\/uploads\/2021\/12\/STURM-Cover-Bd-II-3D.jpeg\"><img loading=\"lazy\" decoding=\"async\" width=\"454\" height=\"640\" src=\"https:\/\/www.freydis.de\/wordpress\/wp-content\/uploads\/2021\/12\/STURM-Cover-Bd-II-3D.jpeg\" alt=\"\" class=\"wp-image-7268\" srcset=\"https:\/\/www.freydis.de\/wordpress\/wp-content\/uploads\/2021\/12\/STURM-Cover-Bd-II-3D.jpeg 454w, https:\/\/www.freydis.de\/wordpress\/wp-content\/uploads\/2021\/12\/STURM-Cover-Bd-II-3D-213x300.jpeg 213w\" sizes=\"auto, (max-width: 454px) 100vw, 454px\" \/><\/a><\/figure>\n\n\n\n<p>Das ganze \u201eProgramm\u201c, insgesamt 16 B\u00fccher, sind noch lieferbar.<\/p>\n\n\n\n<div data-wp-interactive=\"core\/file\" class=\"wp-block-file\"><object data-wp-bind--hidden=\"!state.hasPdfPreview\" hidden class=\"wp-block-file__embed\" data=\"https:\/\/www.freydis.de\/wordpress\/wp-content\/uploads\/2021\/12\/FLYER-Heides-14-Buecher-Kopie.pdf\" type=\"application\/pdf\" style=\"width:100%;height:600px\" aria-label=\"Einbettung von Einbettung von FLYER-Heides-14-Buecher-Kopie..\"><\/object><a href=\"https:\/\/www.freydis.de\/wordpress\/wp-content\/uploads\/2021\/12\/FLYER-Heides-14-Buecher-Kopie.pdf\">FLYER-Heides-14-Buecher-Kopie<\/a><a href=\"https:\/\/www.freydis.de\/wordpress\/wp-content\/uploads\/2021\/12\/FLYER-Heides-14-Buecher-Kopie.pdf\" class=\"wp-block-file__button\" download>Herunterladen<\/a><\/div>\n\n\n\n<div class=\"wp-block-file\"><a href=\"https:\/\/www.freydis.de\/wordpress\/wp-content\/uploads\/2021\/12\/E-Mail_Flyer_Indik_06-Kopie.pdf\">E-Mail_Flyer_Indik_06-Kopie<\/a><a href=\"https:\/\/www.freydis.de\/wordpress\/wp-content\/uploads\/2021\/12\/E-Mail_Flyer_Indik_06-Kopie.pdf\" class=\"wp-block-file__button\" download>Herunterladen<\/a><\/div>\n\n\n\n<p>Wir freuen uns \u00fcber Bestellungen!<\/p>\n\n\n\n<figure class=\"wp-block-image size-large is-resized\"><a href=\"https:\/\/www.freydis.de\/wordpress\/wp-content\/uploads\/2021\/12\/2019-MARE-Heft-134-Hans-Korfmann-22WAHRE-LEIDENSCHAFT22-scaled.jpg\"><img loading=\"lazy\" decoding=\"async\" src=\"https:\/\/www.freydis.de\/wordpress\/wp-content\/uploads\/2021\/12\/2019-MARE-Heft-134-Hans-Korfmann-22WAHRE-LEIDENSCHAFT22-465x1024.jpg\" alt=\"\" class=\"wp-image-7272\" width=\"655\" height=\"1442\" srcset=\"https:\/\/www.freydis.de\/wordpress\/wp-content\/uploads\/2021\/12\/2019-MARE-Heft-134-Hans-Korfmann-22WAHRE-LEIDENSCHAFT22-465x1024.jpg 465w, https:\/\/www.freydis.de\/wordpress\/wp-content\/uploads\/2021\/12\/2019-MARE-Heft-134-Hans-Korfmann-22WAHRE-LEIDENSCHAFT22-136x300.jpg 136w, https:\/\/www.freydis.de\/wordpress\/wp-content\/uploads\/2021\/12\/2019-MARE-Heft-134-Hans-Korfmann-22WAHRE-LEIDENSCHAFT22-768x1691.jpg 768w, https:\/\/www.freydis.de\/wordpress\/wp-content\/uploads\/2021\/12\/2019-MARE-Heft-134-Hans-Korfmann-22WAHRE-LEIDENSCHAFT22-698x1536.jpg 698w, https:\/\/www.freydis.de\/wordpress\/wp-content\/uploads\/2021\/12\/2019-MARE-Heft-134-Hans-Korfmann-22WAHRE-LEIDENSCHAFT22-930x2048.jpg 930w, https:\/\/www.freydis.de\/wordpress\/wp-content\/uploads\/2021\/12\/2019-MARE-Heft-134-Hans-Korfmann-22WAHRE-LEIDENSCHAFT22-scaled.jpg 1163w\" sizes=\"auto, (max-width: 655px) 100vw, 655px\" \/><\/a><\/figure>\n\n\n\n<p><strong>VORTR\u00c4GE AUF DER&nbsp;&nbsp;\u201eboot\u201c<\/strong><\/p>\n\n\n\n<p>Von dem Veranstalter der \u201eboot\u201c in D\u00fcsseldorf wurden wir im September gefragt, ob wir im Januar wieder f\u00fcr Vortr\u00e4ge auf der gro\u00dfen B\u00fchne zur Verf\u00fcgung stehen. Wir haben drei Termine zugesagt. Beginn jeweils um 13:30<\/p>\n\n\n\n<p>Samstag (22.01),&nbsp;&nbsp;&nbsp;<strong>Sicher durch den Sturm&nbsp;<\/strong>&#8211; Strategie und Taktik beim Segeln in&nbsp;&nbsp;&nbsp;&nbsp;&nbsp;&nbsp;&nbsp;&nbsp;&nbsp;&nbsp;&nbsp;&nbsp;&nbsp;&nbsp;&nbsp;&nbsp;&nbsp;&nbsp;&nbsp;&nbsp;&nbsp;&nbsp;&nbsp;&nbsp;&nbsp;&nbsp;&nbsp;&nbsp;&nbsp;&nbsp;&nbsp;&nbsp;&nbsp;&nbsp;&nbsp;&nbsp;&nbsp;&nbsp;&nbsp;&nbsp;&nbsp;&nbsp;&nbsp;&nbsp;&nbsp;&nbsp;&nbsp;&nbsp;&nbsp;&nbsp;&nbsp;&nbsp;&nbsp;&nbsp;&nbsp;&nbsp;&nbsp;&nbsp;&nbsp;&nbsp;&nbsp;&nbsp;&nbsp;&nbsp;&nbsp;&nbsp;&nbsp;&nbsp;&nbsp;&nbsp;&nbsp;schwerem Wetter<\/p>\n\n\n\n<p><em>Die Sturmexperten Heide und Erich Wilts stellen systematisch Strategie und Taktik, Vorbereitung, Technik und ganz praktisch Verhaltensweisen bei Starkwind, Sturm oder Orkan vor.<\/em><\/p>\n\n\n\n<p>Sonntag (23.01),&nbsp;<strong>Gr\u00f6nland rund&nbsp;<\/strong>&#8211; Mit der Freydis vom Polarkreis zum Polarkreis<\/p>\n\n\n\n<p>Montag (24.01),&nbsp;<strong>Sicher durch den Sturm&nbsp;<\/strong>&#8211; Strategie und Taktik beim Segeln in schwerem Wetter<\/p>\n\n\n\n<p>Ob die Messe und die Vortr\u00e4ge nach der erschreckenden Zunahme von Corona in den letzten zwei Monaten noch stattfindet, k\u00f6nnen wir nicht beurteilen. Wir werden uns diesbez\u00fcglich Anfang Januar noch einmal bei Euch melden.<\/p>\n\n\n\n<p>Falls wir uns vorher nicht mehr sprechen: Wir w\u00fcnschen Euch ein frohes Fest. Kommt gesund ins neue Jahr.<\/p>\n\n\n\n<p>Herzliche Gr\u00fc\u00dfe<\/p>\n\n\n\n<p>Heide+Erich<\/p>\n\n\n\n<p>PS&nbsp;&nbsp;<\/p>\n\n\n\n<p>Es mehren sich die Anfragen, was wir im kommenden Jahr (2022) mit der FREYDIS vorhaben, die derzeit im Nordwesten Islands in Isafj\u00f6rdur \u00fcberwintert. Dazu Folgendes:<\/p>\n\n\n\n<p>Wir m\u00f6chten noch mit dem T\u00f6rnplan bis zum Januar warten. Dann k\u00f6nnen wir besser \u00fcberblicken, was in Sachen 4. Welle und Omikron-Variante auf uns alle zukommt. Also habt bitte noch etwas Geduld.<\/p>\n","protected":false},"excerpt":{"rendered":"<p>Hallo Freunde, Wir waren wie jedes Jahr vor Weihnachten drei Wochen zum Wandern und Relaxen auf den Kanaren. Diesmal allerdings nicht auf unserer heftigen Vulkanausbr\u00fcchen ausgesetzten Lieblingsinsel La Palma, sondern im S\u00fcden von Gran Canaria. Am 19. Dezember kehren wir &hellip; <a href=\"https:\/\/www.freydis.de\/wordpress\/betr-buecher-boot\/\">Weiterlesen <span class=\"meta-nav\">&rarr;<\/span><\/a><\/p>\n","protected":false},"author":7,"featured_media":0,"comment_status":"open","ping_status":"open","sticky":false,"template":"","format":"standard","meta":{"_jetpack_memberships_contains_paid_content":false,"footnotes":""},"categories":[1],"tags":[],"class_list":["post-7265","post","type-post","status-publish","format-standard","hentry","category-allgemein"],"jetpack_featured_media_url":"","jetpack_sharing_enabled":true,"_links":{"self":[{"href":"https:\/\/www.freydis.de\/wordpress\/wp-json\/wp\/v2\/posts\/7265","targetHints":{"allow":["GET"]}}],"collection":[{"href":"https:\/\/www.freydis.de\/wordpress\/wp-json\/wp\/v2\/posts"}],"about":[{"href":"https:\/\/www.freydis.de\/wordpress\/wp-json\/wp\/v2\/types\/post"}],"author":[{"embeddable":true,"href":"https:\/\/www.freydis.de\/wordpress\/wp-json\/wp\/v2\/users\/7"}],"replies":[{"embeddable":true,"href":"https:\/\/www.freydis.de\/wordpress\/wp-json\/wp\/v2\/comments?post=7265"}],"version-history":[{"count":2,"href":"https:\/\/www.freydis.de\/wordpress\/wp-json\/wp\/v2\/posts\/7265\/revisions"}],"predecessor-version":[{"id":7273,"href":"https:\/\/www.freydis.de\/wordpress\/wp-json\/wp\/v2\/posts\/7265\/revisions\/7273"}],"wp:attachment":[{"href":"https:\/\/www.freydis.de\/wordpress\/wp-json\/wp\/v2\/media?parent=7265"}],"wp:term":[{"taxonomy":"category","embeddable":true,"href":"https:\/\/www.freydis.de\/wordpress\/wp-json\/wp\/v2\/categories?post=7265"},{"taxonomy":"post_tag","embeddable":true,"href":"https:\/\/www.freydis.de\/wordpress\/wp-json\/wp\/v2\/tags?post=7265"}],"curies":[{"name":"wp","href":"https:\/\/api.w.org\/{rel}","templated":true}]}}